{"id":112039,"date":"2021-02-25T08:08:00","date_gmt":"2021-02-25T13:08:00","guid":{"rendered":"https:\/\/linitiative.ca\/International\/en-photo-linauguration-dunites-disolement-sanitaire-dans-laeroport-de-tunis-carthage\/"},"modified":"2021-02-25T08:08:00","modified_gmt":"2021-02-25T13:08:00","slug":"en-photo-linauguration-dunites-disolement-sanitaire-dans-laeroport-de-tunis-carthage","status":"publish","type":"post","link":"https:\/\/linitiative.ca\/International\/en-photo-linauguration-dunites-disolement-sanitaire-dans-laeroport-de-tunis-carthage\/","title":{"rendered":"En photo: L\u2019inauguration d\u2019unit\u00e9s d\u2019isolement sanitaire dans l&rsquo;a\u00e9roport de Tunis-Carthage"},"content":{"rendered":"<p>Dans le cadre de la lutte contre la covid-19, une des unit\u00e9s d\u2019isolement sanitaire offertes par l\u2019Union Europ\u00e9enne a \u00e9t\u00e9 inaugur\u00e9e le mercredi 24 f\u00e9vrier \u00e0 l\u2019a\u00e9roport de Tunis-Carthage.<\/p>\n<p>D\u00e9sormais, les cas suspects venant de l\u2019\u00e9tranger seront directement dirig\u00e9s vers ces unit\u00e9s dot\u00e9es de salles de st\u00e9rilisation et d\u2019isolement sanitaire.<\/p>\n<p>En compagnie du ministre de la sant\u00e9 Faouzi Mehdi, l\u2019installation de cette unit\u00e9 a \u00e9t\u00e9 inaugur\u00e9e par M. Arnaud P\u00e9ral, Coordonnateur r\u00e9sident des Nations Unies en Tunisie, M. Marcus Cornaro, Ambassadeur de l&rsquo;Union Europ\u00e9enne en Tunisie, ainsi que M. Yves Souteyrand, repr\u00e9sentant de l\u2019OMS en Tunisie.<\/p>\n<p>Ont \u00e9galement assist\u00e9 \u00e0 l\u2019inauguration Mme. Caroline Burgers, Chef de l&rsquo;Office des Nations Unies contre la drogue et le crime \u00e0 Tunis et M. Samir Azouz, chef du bureau de l&rsquo;Organisation Internationale pour les Migrations en Tunisie.<\/p>\n<p>La r\u00e9partition de ces unit\u00e9s d\u2019une valeur de 300 mille dollars se fera de la sorte: une unit\u00e9 d\u2019isolement install\u00e9e \u00e0 l\u2019a\u00e9roport de Tunis-Carthage, trois points de passage frontaliers entre la Tunisie et l\u2019Alg\u00e9rie, \u00e0 savoir,\u00a0 Melloula (gouvernorat de Jendouba), Bouchabka (Kasserine) et Hezoua (Tozeur) . Une cinqui\u00e8me unit\u00e9 d\u2019isolement sera intall\u00e9e au passage de Dhehiba (Tataouine).<\/p>\n<p>Auteur:<br \/>\n<a href=\"https:\/\/www.leaders.com.tn\/article\/31494-en-photo-l-inauguration-d-unites-d-isolement-sanitaire-dans-l-aeroport-de-tunis-carthage\">Cliquez ici pour lire l&rsquo;article depuis sa source.<\/a><\/p>\n","protected":false},"excerpt":{"rendered":"<p>Dans le cadre de la lutte contre la covid-19, une des unit\u00e9s d\u2019isolement sanitaire offertes par l\u2019Union Europ\u00e9enne a \u00e9t\u00e9 inaugur\u00e9e le mercredi 24 f\u00e9vrier \u00e0 l\u2019a\u00e9roport de Tunis-Carthage. D\u00e9sormais, les cas suspects venant de l\u2019\u00e9tranger seront directement dirig\u00e9s vers ces unit\u00e9s dot\u00e9es de salles de st\u00e9rilisation et d\u2019isolement sanitaire. En compagnie du ministre de [&hellip;]<\/p>\n","protected":false},"author":1772,"featured_media":0,"comment_status":"closed","ping_status":"closed","sticky":false,"template":"","format":"standard","meta":{"fifu_image_url":"","fifu_image_alt":"","footnotes":""},"categories":[73,55],"tags":[],"class_list":["post-112039","post","type-post","status-publish","format-standard","hentry","category-actualite","category-tunisie"],"_links":{"self":[{"href":"https:\/\/linitiative.ca\/International\/wp-json\/wp\/v2\/posts\/112039","targetHints":{"allow":["GET"]}}],"collection":[{"href":"https:\/\/linitiative.ca\/International\/wp-json\/wp\/v2\/posts"}],"about":[{"href":"https:\/\/linitiative.ca\/International\/wp-json\/wp\/v2\/types\/post"}],"author":[{"embeddable":true,"href":"https:\/\/linitiative.ca\/International\/wp-json\/wp\/v2\/users\/1772"}],"replies":[{"embeddable":true,"href":"https:\/\/linitiative.ca\/International\/wp-json\/wp\/v2\/comments?post=112039"}],"version-history":[{"count":0,"href":"https:\/\/linitiative.ca\/International\/wp-json\/wp\/v2\/posts\/112039\/revisions"}],"wp:attachment":[{"href":"https:\/\/linitiative.ca\/International\/wp-json\/wp\/v2\/media?parent=112039"}],"wp:term":[{"taxonomy":"category","embeddable":true,"href":"https:\/\/linitiative.ca\/International\/wp-json\/wp\/v2\/categories?post=112039"},{"taxonomy":"post_tag","embeddable":true,"href":"https:\/\/linitiative.ca\/International\/wp-json\/wp\/v2\/tags?post=112039"}],"curies":[{"name":"wp","href":"https:\/\/api.w.org\/{rel}","templated":true}]}}