{"id":112041,"date":"2021-02-25T05:00:00","date_gmt":"2021-02-25T10:00:00","guid":{"rendered":"https:\/\/linitiative.ca\/International\/place-aux-jeunes-quand-ils-seront-vieux\/"},"modified":"2021-02-25T05:00:00","modified_gmt":"2021-02-25T10:00:00","slug":"place-aux-jeunes-quand-ils-seront-vieux","status":"publish","type":"post","link":"https:\/\/linitiative.ca\/International\/place-aux-jeunes-quand-ils-seront-vieux\/","title":{"rendered":"Place aux jeunes ! Quand ils seront vieux !"},"content":{"rendered":"<p class=\"c2\">Interrog\u00e9 sur son avenir, maintenant qu\u2019il a \u00e9t\u00e9 limog\u00e9 du gouvernement, Ferhat A\u00eft Ali a d\u00e9clar\u00e9 : \u00abJe me donne un temps de r\u00e9flexion !\u00bb<\/p>\n<p class=\"c2\"><strong>Moins de trois ans ?<\/strong><\/p>\n<p class=\"c2\">Finalement, il semble que Goudjil ne sera pas candidat unique \u00e0 sa propre succession. Deux autres candidats devraient concourir, si tant est que l\u2019on puisse parler de concurrence \u00e0 ce niveau-l\u00e0 de perchoir. Et \u00e0 tous les autres niveaux de tous les perchoirs de D\u00e9z\u00e9die, du reste ! Il se dit aussi que les concurrents de Goudjil seraient plus jeunes que lui. 85 ans ? 79 ans et demi au jour du vote, \u00e0 minuit, leur extrait de naissance faisant foi et foie ? Allez savoir ! Ce que je sais, par contre, de mani\u00e8re certaine, c\u2019est l\u2019incongruit\u00e9 obsc\u00e8ne de cette situation : des personnes \u00e2g\u00e9es, tr\u00e8s \u00e2g\u00e9es, tr\u00e8s tr\u00e8s \u00e2g\u00e9es, se voient confier par le Palais des \u00ab\u00e9l\u00e9ments de langage\u00bb afin de les r\u00e9percuter, en faire bon usage et les propager. L\u2019\u00e9l\u00e9ment de langage de ces deux derni\u00e8res semaines, c\u2019est l\u2019appel de plus en plus pressant aux jeunes afin qu\u2019ils s\u2019investissent plus dans la vie de la cit\u00e9, dans les processus \u00e9lectoraux \u00e0 venir et dans le remodelage des institutions. Et \u00e7a donne ces sc\u00e8nes ahurissantes : un vieux presque centenaire qui exhorte des jeunes de 25 ans \u00e0 prendre le pouvoir alors que lui s\u2019y accroche des quatre fers us\u00e9s ! Un vieux de la vieille, de la tr\u00e8s vieille qui ne veut pas l\u00e2cher le koursi et susurre pourtant aux jeunes de venir s\u2019y asseoir ! Probl\u00e8me de physique pur ! Sur un seul fauteuil, con\u00e7u pour un usage unique, on ne peut pas s\u2019asseoir \u00e0 plusieurs, sahbi ! Comment croire en la volont\u00e9 de rajeunissement lorsque tout l\u2019air ambiant empeste le \u00abkafour\u00bb, la naphtaline, rel\u00e9guant le virus de la Covid-19 \u00e0 une vulgaire grippe ? Pour parler \u00e0 des jeunes, il faut d\u00e9j\u00e0 parler leur langue et non pas une langue morte, ind\u00e9chiffrable ! Pour passer le message aux moins de trente ans, il faut manier le smartphone et ranger le t\u00e9lex et le fax au mus\u00e9e ! Sauf \u00e0 vouloir \u00abschizophr\u00e9niser\u00bb toute une g\u00e9n\u00e9ration, des bambins &#8211; les trois quarts de la population &#8211; en leur servant sur le m\u00eame plateau englu\u00e9 par les toiles d\u2019araign\u00e9e un discours et son contraire, frip\u00e9 et rid\u00e9 ! Je fume du th\u00e9 et je reste \u00e9veill\u00e9, le cauchemar continue.<br \/><em><strong>H. L.<\/strong><\/em><\/p>\n<p>Auteur:<br \/>\n<a href=\"https:\/\/www.lesoirdalgerie.com\/pousse-avec-eux\/place-aux-jeunes-quand-ils-seront-vieux-56933\">Cliquez ici pour lire l&rsquo;article depuis sa source.<\/a><\/p>\n","protected":false},"excerpt":{"rendered":"<p>Interrog\u00e9 sur son avenir, maintenant qu\u2019il a \u00e9t\u00e9 limog\u00e9 du gouvernement, Ferhat A\u00eft Ali a d\u00e9clar\u00e9 : \u00abJe me donne un temps de r\u00e9flexion !\u00bb Moins de trois ans ? Finalement, il semble que Goudjil ne sera pas candidat unique \u00e0 sa propre succession. Deux autres candidats devraient concourir, si tant est que l\u2019on puisse [&hellip;]<\/p>\n","protected":false},"author":1741,"featured_media":0,"comment_status":"closed","ping_status":"closed","sticky":false,"template":"","format":"standard","meta":{"fifu_image_url":"","fifu_image_alt":"","footnotes":""},"categories":[73,53],"tags":[],"class_list":["post-112041","post","type-post","status-publish","format-standard","hentry","category-actualite","category-algerie"],"_links":{"self":[{"href":"https:\/\/linitiative.ca\/International\/wp-json\/wp\/v2\/posts\/112041","targetHints":{"allow":["GET"]}}],"collection":[{"href":"https:\/\/linitiative.ca\/International\/wp-json\/wp\/v2\/posts"}],"about":[{"href":"https:\/\/linitiative.ca\/International\/wp-json\/wp\/v2\/types\/post"}],"author":[{"embeddable":true,"href":"https:\/\/linitiative.ca\/International\/wp-json\/wp\/v2\/users\/1741"}],"replies":[{"embeddable":true,"href":"https:\/\/linitiative.ca\/International\/wp-json\/wp\/v2\/comments?post=112041"}],"version-history":[{"count":0,"href":"https:\/\/linitiative.ca\/International\/wp-json\/wp\/v2\/posts\/112041\/revisions"}],"wp:attachment":[{"href":"https:\/\/linitiative.ca\/International\/wp-json\/wp\/v2\/media?parent=112041"}],"wp:term":[{"taxonomy":"category","embeddable":true,"href":"https:\/\/linitiative.ca\/International\/wp-json\/wp\/v2\/categories?post=112041"},{"taxonomy":"post_tag","embeddable":true,"href":"https:\/\/linitiative.ca\/International\/wp-json\/wp\/v2\/tags?post=112041"}],"curies":[{"name":"wp","href":"https:\/\/api.w.org\/{rel}","templated":true}]}}