{"id":112043,"date":"2021-02-25T14:17:28","date_gmt":"2021-02-25T19:17:28","guid":{"rendered":"https:\/\/linitiative.ca\/International\/rapprochement-maroco-israelien-en-terre-irlandaise\/"},"modified":"2021-02-25T14:17:28","modified_gmt":"2021-02-25T19:17:28","slug":"rapprochement-maroco-israelien-en-terre-irlandaise","status":"publish","type":"post","link":"https:\/\/linitiative.ca\/International\/rapprochement-maroco-israelien-en-terre-irlandaise\/","title":{"rendered":"Rapprochement maroco-isra\u00e9lien en terre irlandaise"},"content":{"rendered":"<p><strong>L\u2019ambassadeur du Maroc en R\u00e9publique d\u2019Irlande, Lahcen Mahraoui, a tenu une r\u00e9union avec son homologue isra\u00e9lien Ophir Kariv.<\/strong><\/p>\n<div class=\"c10\">\n<\/div>\n<p>Au cours de cette r\u00e9union, ils ont abord\u00e9 la riche histoire de la communaut\u00e9 juive au Maroc, les nombreuses similitudes entre Isra\u00e9liens et Marocains et la nouvelle impulsion donn\u00e9e \u00e0 la coop\u00e9ration dans la r\u00e9gion, suite \u00e0 la r\u00e9cente normalisation des relations entre les deux pays. Les deux ambassadeurs ont exprim\u00e9 leur espoir que cette coop\u00e9ration favorise la paix dans la r\u00e9gion.<\/p>\n<p><strong>Lire aussi | <a href=\"https:\/\/www.challenge.ma\/country-brand-awards-le-maroc-premier-en-afrique-176355\/\" target=\"_blank\" rel=\"noreferrer noopener\">Country Brand Awards : le Maroc premier en Afrique<\/a><\/strong><\/p>\n<p>Durant cet entretien, l\u2019ambassadeur marocain a offert \u00e0 son homologue isra\u00e9lien le livre \u00ab\u00a0R\u00e9habilitation des cimeti\u00e8res juives du Maroc : les maisons de la vie\u00a0\u00bb. A noter que la R\u00e9publique d\u2019Irlande compte ouvrir au cours de cette ann\u00e9e une ambassade au Royaume. Une initiative qui \u00e0 \u00e9largir et \u00e0 approfondir la pr\u00e9sence du pays europ\u00e9en en terre \u00e9trang\u00e8re, surtout au Maroc o\u00f9 il compte deux consulats honoraires \u00e0 Casablanca et Agadir.<\/p>\n<div class=\"fb-post\" data-href=\"https:\/\/www.facebook.com\/IsraelinIreland\/posts\/3783502678354078\" data-width=\"500\" data-show-text=\"true\">\n<blockquote cite=\"https:\/\/www.facebook.com\/IsraelinIreland\/posts\/3783502678354078\" class=\"fb-xfbml-parse-ignore\">\n<p>Ambassador Kariv was delighted to meet with his counterpart, H.E. the Ambassador of Morocco, Mr. Lahcen Mahraoui, today\u2026.<\/p>\n<p>Publi\u00e9e par <a href=\"https:\/\/www.facebook.com\/IsraelinIreland\/\">Israel in Ireland<\/a> sur\u00a0<a href=\"https:\/\/www.facebook.com\/IsraelinIreland\/posts\/3783502678354078\">Mardi 23 f\u00e9vrier 2021<\/a><\/p><\/blockquote>\n<\/div>\n<p>Auteur: challenge<br \/>\n<a href=\"https:\/\/www.challenge.ma\/rapprochement-maroco-israelien-en-terre-irlandaise-176432\/\">Cliquez ici pour lire l&rsquo;article depuis sa source.<\/a><\/p>\n","protected":false},"excerpt":{"rendered":"<p>L\u2019ambassadeur du Maroc en R\u00e9publique d\u2019Irlande, Lahcen Mahraoui, a tenu une r\u00e9union avec son homologue isra\u00e9lien Ophir Kariv. Au cours de cette r\u00e9union, ils ont abord\u00e9 la riche histoire de la communaut\u00e9 juive au Maroc, les nombreuses similitudes entre Isra\u00e9liens et Marocains et la nouvelle impulsion donn\u00e9e \u00e0 la coop\u00e9ration dans la r\u00e9gion, suite \u00e0 [&hellip;]<\/p>\n","protected":false},"author":1787,"featured_media":0,"comment_status":"closed","ping_status":"closed","sticky":false,"template":"","format":"standard","meta":{"fifu_image_url":"","fifu_image_alt":"","footnotes":""},"categories":[78,54],"tags":[],"class_list":["post-112043","post","type-post","status-publish","format-standard","hentry","category-economie","category-maroc"],"_links":{"self":[{"href":"https:\/\/linitiative.ca\/International\/wp-json\/wp\/v2\/posts\/112043","targetHints":{"allow":["GET"]}}],"collection":[{"href":"https:\/\/linitiative.ca\/International\/wp-json\/wp\/v2\/posts"}],"about":[{"href":"https:\/\/linitiative.ca\/International\/wp-json\/wp\/v2\/types\/post"}],"author":[{"embeddable":true,"href":"https:\/\/linitiative.ca\/International\/wp-json\/wp\/v2\/users\/1787"}],"replies":[{"embeddable":true,"href":"https:\/\/linitiative.ca\/International\/wp-json\/wp\/v2\/comments?post=112043"}],"version-history":[{"count":0,"href":"https:\/\/linitiative.ca\/International\/wp-json\/wp\/v2\/posts\/112043\/revisions"}],"wp:attachment":[{"href":"https:\/\/linitiative.ca\/International\/wp-json\/wp\/v2\/media?parent=112043"}],"wp:term":[{"taxonomy":"category","embeddable":true,"href":"https:\/\/linitiative.ca\/International\/wp-json\/wp\/v2\/categories?post=112043"},{"taxonomy":"post_tag","embeddable":true,"href":"https:\/\/linitiative.ca\/International\/wp-json\/wp\/v2\/tags?post=112043"}],"curies":[{"name":"wp","href":"https:\/\/api.w.org\/{rel}","templated":true}]}}