{"id":112045,"date":"2021-02-25T16:08:28","date_gmt":"2021-02-25T21:08:28","guid":{"rendered":"https:\/\/linitiative.ca\/International\/tunisie-la-crise-tout-le-monde-sen-fout\/"},"modified":"2021-02-25T16:08:28","modified_gmt":"2021-02-25T21:08:28","slug":"tunisie-la-crise-tout-le-monde-sen-fout","status":"publish","type":"post","link":"https:\/\/linitiative.ca\/International\/tunisie-la-crise-tout-le-monde-sen-fout\/","title":{"rendered":"Tunisie \u2013 La crise\u00a0: Tout le monde s\u2019en fout\u00a0!"},"content":{"rendered":"<div class=\"post-cont-in left relative\">\n<div id=\"post-info-wrap\" class=\"left relative post-info-out\">\n<div class=\"post-info-img left relative\"><img loading=\"lazy\" decoding=\"async\" alt=\"\" src=\"https:\/\/secure.gravatar.com\/avatar\/9f10b5e5a102bf8cc0ebfb84f5ab5652?s=50&amp;d=mm&amp;r=g\" srcset=\"https:\/\/secure.gravatar.com\/avatar\/9f10b5e5a102bf8cc0ebfb84f5ab5652?s=100&amp;d=mm&amp;r=g 2x\" class=\"avatar avatar-50 photo\" height=\"50\" width=\"50\"\/><\/div>\n<div class=\"post-info-in\">\n<div class=\"post-info-right left relative post-info-name left relative\"><span><span class=\"post-info-text\">Par<\/span> <span class=\"author-name vcard fn author\"><a href=\"https:\/\/www.tunisienumerique.com\/author\/ramsis\/\" title=\"Articles par Ramsis\" rel=\"author\">Ramsis<\/a><\/span><\/span> <span class=\"post-date updated\"><time class=\"post-date updated\" datetime=\"2021-02-25\">\u00a0| Il y a 1 heure<\/time><\/span><br \/>\n<meta itemprop=\"dateModified\" content=\"2021-02-25\"\/><\/div>\n<div class=\"left relative\"><button id=\"listenButton1\" class=\"responsivevoice-button\" type=\"button\" value=\"Play\" title=\"\u00c9coutez l'article\"><span>\ud83d\udd0a \u00c9coutez l&rsquo;article<\/span><\/button>\n<\/div>\n<\/div>\n<\/div>\n<p>Le pays sombre\u2026 L\u2019\u00e9conomie est \u00e0 la d\u00e9rive\u2026 La pand\u00e9mie fait des siennes\u2026 Les bailleurs de fonds claquent la porte\u2026 Les agences de notation p\u00e9nalisent\u2026 La situation tend vers la rupture\u2026 Et pendant ce temps, on a la p\u00e9nible impression que tout le monde s\u2019en fout royalement. A commencer par les deux \u00e9minences du gouvernement qui devaient s\u2019occuper des sujets \u00ab\u00a0br\u00fblants\u00a0\u00bb, \u00e0 savoir les ministres de l\u2019\u00e9conomie et de la sant\u00e9. On dirait bien que rien ne les \u00e9meut, et que ce qui se passe dans le pays ne les concerne pas. Ils n\u2019entreprennent aucune action \u00e9nergique qui soit \u00e0 la hauteur du d\u00e9sastre. Ils seraient au service d\u2019autres pays, que \u00e7\u00e0 n\u2019aurait pas \u00e9t\u00e9 pire.<\/p>\n<div class=\"code-block code-block-1 c4\">\n <ins class=\"adsbygoogle c3\" data-ad-layout=\"in-article\" data-ad-format=\"fluid\" data-ad-client=\"ca-pub-2102118777505746\" data-ad-slot=\"7301775417\"\/>\n<\/div>\n<p>Au plus haut de l\u2019Etat, aussi, on s\u2019en contrebalance. Nos trois pr\u00e9sidents sont trop occup\u00e9s \u00e0 se faire la guerre, \u00e0 essayer de grignoter un maximum de pr\u00e9rogatives aux autres, \u00e0 vouloir imposer leur supr\u00e9matie\u2026 Les probl\u00e8mes du pays, et encore moins, ceux des citoyens\u00a0? Ils s\u2019en foutent\u00a0!<\/p>\n<p>Quant \u00e0 la classe politique, \u00e0 commencer par les partis et les d\u00e9put\u00e9s, c\u2019est pareil. On n\u2019a \u00e0 la t\u00eate que des questions de vente et d\u2019achat des voix, des consensus grassement pay\u00e9s, des places dans les plateaux TV, ou, alors, quelques missions \u00e0 l\u2019\u00e9trangers\u2026 Quant aux tunisiens, ils n\u2019ont que ce qu\u2019ils m\u00e9ritent, ils n\u2019avaient qu\u2019\u00e0 par leur donner leurs voix\u00a0!<\/p>\n<p>Et le pire dans tout \u00e7\u00e0, c\u2019est que le citoyen s\u2019y met, lui aussi, \u00e0 s\u2019en foutre de tout ce cirque. Il est devenu blas\u00e9. Il se contente de subir, avec ce qui lui reste de patience\u2026 Il attend impassible\u2026 Il n\u2019a plus envie de trop se casser la t\u00eate\u2026 Il attend, c\u2019est tout\u2026 Mais il attend quoi\u00a0? Il vaudrait mieux ne pas\u00a0 y r\u00e9fl\u00e9chir\u2026 \u00e7\u00e0 donnerait des frissons au dos\u00a0!<\/p>\n<div class=\"swp_social_panel swp_horizontal_panel swp_flat_fresh swp_default_full_color swp_individual_full_color swp_other_full_color scale-100 scale-\" data-min-width=\"1100\" data-float-color=\"#ffffff\" data-float=\"bottom\" data-float-mobile=\"bottom\" data-transition=\"slide\">\n<div class=\"nc_tweetContainer swp_share_button total_shares total_sharesalt\"><span class=\"swp_count\">23 <span class=\"swp_label\">Partages<\/span><\/span><\/div>\n<\/div>\n<p><strong>Que se passe-t-il en Tunisie?<\/strong><br \/>Nous expliquons sur notre <a href=\"https:\/\/www.youtube.com\/channel\/UCRzypVq0B_yBad5eGrwBx0Q?sub_confirmation=1\" target=\"_blank\" rel=\"noopener\">cha\u00eene YouTube<\/a> . <a href=\"https:\/\/www.youtube.com\/channel\/UCRzypVq0B_yBad5eGrwBx0Q?sub_confirmation=1\" target=\"_blank\" rel=\"noopener\">Abonnez-vous!<\/a><\/p>\n<div class=\"mvp-org-wrap\" itemprop=\"publisher\">\n<div class=\"mvp-org-logo\" itemprop=\"logo\"><img decoding=\"async\" src=\"https:\/\/www.tunisienumerique.com\/wp-content\/uploads\/2017\/02\/logo_tunisie_numerique.png\"\/><br \/>\n<meta itemprop=\"url\" content=\"https:\/\/www.tunisienumerique.com\/wp-content\/uploads\/2017\/02\/logo_tunisie_numerique.png\"\/><\/div>\n<p><meta content=\"Tunisie Num\u00e9rique\"\/><\/div>\n<div class=\"mvp-related-posts left relative\">\n<h4 class=\"post-header\"><span class=\"post-header\">Lire aussi<\/span><\/h4>\n<\/div>\n<div id=\"article-ad\">\n <ins class=\"adsbygoogle c5\" data-ad-client=\"ca-pub-2102118777505746\" data-ad-slot=\"6513972734\" data-ad-format=\"auto\" data-full-width-responsive=\"true\"\/>\n<\/div>\n<\/div>\n<div id=\"post-sidebar-wrap\">\n <ins class=\"adsbygoogle c5\" data-ad-client=\"ca-pub-2102118777505746\" data-ad-slot=\"6168283410\" data-ad-format=\"auto\" data-full-width-responsive=\"true\"\/>\n<\/div>\n<p>Auteur: Ramsis<br \/>\n<a href=\"https:\/\/www.tunisienumerique.com\/tunisie-la-crise-tout-le-monde-sen-fout\/\">Cliquez ici pour lire l&rsquo;article depuis sa source.<\/a><\/p>\n","protected":false},"excerpt":{"rendered":"<p>Par Ramsis \u00a0| Il y a 1 heure \ud83d\udd0a \u00c9coutez l&rsquo;article Le pays sombre\u2026 L\u2019\u00e9conomie est \u00e0 la d\u00e9rive\u2026 La pand\u00e9mie fait des siennes\u2026 Les bailleurs de fonds claquent la porte\u2026 Les agences de notation p\u00e9nalisent\u2026 La situation tend vers la rupture\u2026 Et pendant ce temps, on a la p\u00e9nible impression que tout le monde [&hellip;]<\/p>\n","protected":false},"author":1789,"featured_media":0,"comment_status":"closed","ping_status":"closed","sticky":false,"template":"","format":"standard","meta":{"fifu_image_url":"https:\/\/secure.gravatar.com\/avatar\/9f10b5e5a102bf8cc0ebfb84f5ab5652?s=50&d=mm&r=g","fifu_image_alt":"Tunisie \u2013 La crise\u00a0: Tout le monde s\u2019en fout\u00a0!","footnotes":""},"categories":[73,55],"tags":[],"class_list":["post-112045","post","type-post","status-publish","format-standard","hentry","category-actualite","category-tunisie"],"_links":{"self":[{"href":"https:\/\/linitiative.ca\/International\/wp-json\/wp\/v2\/posts\/112045","targetHints":{"allow":["GET"]}}],"collection":[{"href":"https:\/\/linitiative.ca\/International\/wp-json\/wp\/v2\/posts"}],"about":[{"href":"https:\/\/linitiative.ca\/International\/wp-json\/wp\/v2\/types\/post"}],"author":[{"embeddable":true,"href":"https:\/\/linitiative.ca\/International\/wp-json\/wp\/v2\/users\/1789"}],"replies":[{"embeddable":true,"href":"https:\/\/linitiative.ca\/International\/wp-json\/wp\/v2\/comments?post=112045"}],"version-history":[{"count":0,"href":"https:\/\/linitiative.ca\/International\/wp-json\/wp\/v2\/posts\/112045\/revisions"}],"wp:attachment":[{"href":"https:\/\/linitiative.ca\/International\/wp-json\/wp\/v2\/media?parent=112045"}],"wp:term":[{"taxonomy":"category","embeddable":true,"href":"https:\/\/linitiative.ca\/International\/wp-json\/wp\/v2\/categories?post=112045"},{"taxonomy":"post_tag","embeddable":true,"href":"https:\/\/linitiative.ca\/International\/wp-json\/wp\/v2\/tags?post=112045"}],"curies":[{"name":"wp","href":"https:\/\/api.w.org\/{rel}","templated":true}]}}