{"id":112049,"date":"2021-02-25T16:11:49","date_gmt":"2021-02-25T21:11:49","guid":{"rendered":"https:\/\/linitiative.ca\/International\/sanogo-et-ses-coaccuses-a-nouveau-devant-le-juge-un-proces-pour-la-forme\/"},"modified":"2021-02-25T16:11:49","modified_gmt":"2021-02-25T21:11:49","slug":"sanogo-et-ses-coaccuses-a-nouveau-devant-le-juge-un-proces-pour-la-forme","status":"publish","type":"post","link":"https:\/\/linitiative.ca\/International\/sanogo-et-ses-coaccuses-a-nouveau-devant-le-juge-un-proces-pour-la-forme\/","title":{"rendered":"SANOGO ET SES COACCUSES A NOUVEAU DEVANT LE JUGE : Un proc\u00e8s pour la forme ?"},"content":{"rendered":"<p class=\"c4\">Lib\u00e9r\u00e9s depuis le 28 janvier 2020, Amadou Haya Sanogo et ses 12 coaccus\u00e9s dans l\u2019affaire de l\u2019assassinat de 21 b\u00e9rets rouges suite au coup d\u2019Etat de 2012 contre le g\u00e9n\u00e9ral Amadou Toumani Tour\u00e9 (ATT) alors au pouvoir, attendent de conna\u00eetre leur sort. Leur proc\u00e8s qui a repris le 25 f\u00e9vrier dernier dans la capitale malienne, a \u00e9t\u00e9 aussit\u00f4t report\u00e9 au 11 mars prochain, pour ce qu\u2019on croit \u00eatre des raisons de mouvement de personnels judiciaires. Mais ce proc\u00e8s ne devrait pas, \u00e0 en croire plusieurs sources, tarder \u00e0 conna\u00eetre son \u00e9pilogue.<\/p>\n<p class=\"c4\">En effet, depuis son ouverture, le 30 septembre 2016, \u00e0 Sikasso, jusqu\u2019\u00e0 sa suspension et sa r\u00e9cente reprise \u00e0 Bamako, beaucoup d\u2019eau a coul\u00e9 sous les ponts au Mali. Comme par exemple, cet accord d\u2019indemnisation n\u00e9goci\u00e9 en 2020\u00a0 entre les accus\u00e9s et les parties civiles, et qui \u00ab<em>\u00a0est en cours d\u2019application pour le bonheur des victimes\u00a0<\/em>\u00bb, selon un avocat des parties civiles. C\u2019est pourquoi l\u2019on se demande si ce jugement ne sera finalement pas un proc\u00e8s pour la forme, d\u00e8s lors que les plaignants semblent avoir obtenu satisfaction \u00e0 travers les d\u00e9dommagements re\u00e7us qui vont, entre autres, du paiement d\u2019un montant indemnitaire, \u00e0 l\u2019int\u00e9gration de certains parents de victimes disparues dans la Fonction publique pour pouvoir subvenir aux besoins de leurs familles respectives, en passant par l\u2019acquisition de logements, le tout sur fond de promesse ferme du gouvernement, d\u2019organiser des fun\u00e9railles nationales \u00e0 la m\u00e9moire des disparus.<\/p>\n<p class=\"c4\"><strong>Amadou Haya Sanogo et ses coaccus\u00e9s s\u2019acheminent doucement vers le bout du tunnel de leurs d\u00e9boires judiciaires<\/strong><\/p>\n<p class=\"c4\">C\u2019est dire si des avanc\u00e9es notables, il y en a eu pour que le proc\u00e8s ne tra\u00eene plus en longueur et puisse conna\u00eetre un aboutissement dans les meilleurs d\u00e9lais. Car, si les parents des victimes n\u2019ont plus int\u00e9r\u00eat au proc\u00e8s auquel ils ne comptent plus participer aux dires de certains d\u2019entre eux, il y a des raisons de croire que Amadou Haya Sanogo et ses coaccus\u00e9s s\u2019acheminent doucement vers la fin de leur calvaire et le bout du tunnel de leurs d\u00e9boires judiciaires. Surtout si, comme d\u2019aucuns le pensent, la Cour devait purement et simplement ent\u00e9riner l\u2019arrangement entre les parties au proc\u00e8s, pour une raison ou pour une autre. Comme, par exemple, cette loi de 2018 que compte invoquer la d\u00e9fense, prise \u00e0 l\u2019issue de la Conf\u00e9rence d\u2019entente nationale organis\u00e9e sous le r\u00e9gime de Ibrahim Boubacar Ke\u00efta (IBK) et qui pr\u00e9voit clairement d\u2019exon\u00e9rer de poursuites p\u00e9nales, les personnes accus\u00e9es de crime et de d\u00e9lit dans le cadre de la crise de 2012 et d\u2019indemniser les victimes. D\u00e8s lors, l\u2019on comprend l\u2019optimisme exub\u00e9rant affich\u00e9 par le capitaine putschiste devenu g\u00e9n\u00e9ral, qui arborait une s\u00e9r\u00e9nit\u00e9 \u00e0 toute \u00e9preuve \u00e0 la reprise du proc\u00e8s \u00e0 Bamako. Surtout si l\u2019on doit voir dans les d\u00e9dommagements d\u00e9j\u00e0 re\u00e7us par des parents de victimes, un d\u00e9but d\u2019application de cette loi. Dans la perspective de la r\u00e9conciliation nationale que certains Maliens appellent de leurs v\u0153ux, cela peut \u00eatre vu comme un signe manifeste de la volont\u00e9 des autorit\u00e9s de Bamako, d\u2019aller de l\u2019avant. Car, que peut attendre de plus un parent de victime confront\u00e9 aux dures r\u00e9alit\u00e9s quotidiennes et dont rien ne ram\u00e8nera \u00e0 la vie, le disparu\u00a0?<\/p>\n<p class=\"c4\"><strong>Il est imp\u00e9ratif que pour l\u2019histoire, le droit soit dit<\/strong><\/p>\n<p class=\"c4\">Cela dit, on peut craindre que dans le sch\u00e9ma d\u00e9dommagement-justice qui se dessine, la v\u00e9rit\u00e9 ne soit mise en berne ou rel\u00e9gu\u00e9e au second plan. Alors,\u00a0 saura-t-on jamais un jour la v\u00e9rit\u00e9 dans cette affaire\u00a0?\u00a0 Rien n\u2019est moins s\u00fbr. Et ce serait bien dommage\u00a0! Car, au-del\u00e0 des faits qui sont d\u2019une extr\u00eame gravit\u00e9, ce proc\u00e8s devait avoir une valeur p\u00e9dagogique pour dissuader d\u2019\u00e9ventuels apprentis-putschistes encore tapis dans l\u2019ombre et qui ne voudraient pas \u00a0se fixer de limites dans leurs d\u00e9rives autoritaires, une fois parvenus au pouvoir par la force des armes. C\u2019est pourquoi il est imp\u00e9ratif que pour l\u2019histoire, le droit soit dit pour que ces arrangements hors pr\u00e9toire, n\u2019aient pas l\u2019allure d\u2019une prime \u00e0 l\u2019impunit\u00e9 qui pourrait \u00eatre per\u00e7ue comme un encouragement \u00e0 tous ces pr\u00e9dateurs de la d\u00e9mocratie et des r\u00e8gles de l\u2019Etat de droit. D\u2019autant qu\u2019en la mati\u00e8re, il s\u2019agit de crimes de sang sur des soldats froidement abattus et jet\u00e9s dans des charniers, au moment o\u00f9 le Mali a suffisamment fait la preuve qu\u2019il est loin d\u2019avoir d\u00e9finitivement tourn\u00e9 la page des coups d\u2019Etat.<\/p>\n<p class=\"c4\">En tout \u00e9tat de cause, un \u00e9ventuel \u00e9largissement de cet ancien officier de Kati au moment o\u00f9 d\u2019autres hommes forts de Kati sont au pouvoir \u00e0 Bamako, pourrait faire tilt et constituer un v\u00e9ritable pr\u00e9c\u00e9dent dans l\u2019histoire du Mali. Et avec le recul, il n\u2019est pas difficile de se convaincre que Amadou Haya Sanogo a \u00e9t\u00e9 pire que le mal qu\u2019il voulait combattre. Un v\u00e9ritable accident de l\u2019histoire s\u2019il en est, qui ne laissera pas forc\u00e9ment dans la m\u00e9moire collective, l\u2019image du h\u00e9ros solitaire et du redresseur de torts dont il a voulu se rev\u00eatir du manteau.<\/p>\n<p class=\"c4\"><strong><em>\u00a0<\/em><\/strong><\/p>\n<p class=\"c4\"><strong><em>\u00a0\u00ab\u00a0Le Pays\u00a0\u00bb<\/em><\/strong><\/p>\n<p class=\"c4\"><strong>\u00a0<\/strong><\/p>\n<p class=\"c4\"><strong>\u00a0<\/strong><\/p>\n<p>Auteur: Editions LEPAYS<br \/>\n<a href=\"https:\/\/lepays.bf\/sanogo-et-ses-coaccuses-a-nouveau-devant-le-juge-un-proces-pour-la-forme\/\">Cliquez ici pour lire l&rsquo;article depuis sa source.<\/a><\/p>\n","protected":false},"excerpt":{"rendered":"<p>Lib\u00e9r\u00e9s depuis le 28 janvier 2020, Amadou Haya Sanogo et ses 12 coaccus\u00e9s dans l\u2019affaire de l\u2019assassinat de 21 b\u00e9rets rouges suite au coup d\u2019Etat de 2012 contre le g\u00e9n\u00e9ral Amadou Toumani Tour\u00e9 (ATT) alors au pouvoir, attendent de conna\u00eetre leur sort. Leur proc\u00e8s qui a repris le 25 f\u00e9vrier dernier dans la capitale malienne, [&hellip;]<\/p>\n","protected":false},"author":1813,"featured_media":0,"comment_status":"closed","ping_status":"closed","sticky":false,"template":"","format":"standard","meta":{"fifu_image_url":"","fifu_image_alt":"","footnotes":""},"categories":[73,81],"tags":[],"class_list":["post-112049","post","type-post","status-publish","format-standard","hentry","category-actualite","category-burkina-faso"],"_links":{"self":[{"href":"https:\/\/linitiative.ca\/International\/wp-json\/wp\/v2\/posts\/112049","targetHints":{"allow":["GET"]}}],"collection":[{"href":"https:\/\/linitiative.ca\/International\/wp-json\/wp\/v2\/posts"}],"about":[{"href":"https:\/\/linitiative.ca\/International\/wp-json\/wp\/v2\/types\/post"}],"author":[{"embeddable":true,"href":"https:\/\/linitiative.ca\/International\/wp-json\/wp\/v2\/users\/1813"}],"replies":[{"embeddable":true,"href":"https:\/\/linitiative.ca\/International\/wp-json\/wp\/v2\/comments?post=112049"}],"version-history":[{"count":0,"href":"https:\/\/linitiative.ca\/International\/wp-json\/wp\/v2\/posts\/112049\/revisions"}],"wp:attachment":[{"href":"https:\/\/linitiative.ca\/International\/wp-json\/wp\/v2\/media?parent=112049"}],"wp:term":[{"taxonomy":"category","embeddable":true,"href":"https:\/\/linitiative.ca\/International\/wp-json\/wp\/v2\/categories?post=112049"},{"taxonomy":"post_tag","embeddable":true,"href":"https:\/\/linitiative.ca\/International\/wp-json\/wp\/v2\/tags?post=112049"}],"curies":[{"name":"wp","href":"https:\/\/api.w.org\/{rel}","templated":true}]}}