{"id":112051,"date":"2021-02-25T16:48:20","date_gmt":"2021-02-25T21:48:20","guid":{"rendered":"https:\/\/linitiative.ca\/International\/promotion-des-valeurs-de-la-maison-de-lentreprise-le-premier-ministre-sollicite\/"},"modified":"2021-02-25T16:48:20","modified_gmt":"2021-02-25T21:48:20","slug":"promotion-des-valeurs-de-la-maison-de-lentreprise-le-premier-ministre-sollicite","status":"publish","type":"post","link":"https:\/\/linitiative.ca\/International\/promotion-des-valeurs-de-la-maison-de-lentreprise-le-premier-ministre-sollicite\/","title":{"rendered":"Promotion des valeurs de la maison de l\u2019Entreprise  : le Premier ministre sollicit\u00e9"},"content":{"rendered":"<div class=\"td-post-featured-image\"><a href=\"https:\/\/www.sidwaya.info\/wp-content\/uploads\/2021\/02\/1-50.jpg\" data-caption=\"\"><img loading=\"lazy\" decoding=\"async\" width=\"595\" height=\"418\" class=\"entry-thumb td-modal-image\" src=\"https:\/\/www.sidwaya.info\/wp-content\/uploads\/2021\/02\/1-50.jpg\" srcset=\"https:\/\/www.sidwaya.info\/wp-content\/uploads\/2021\/02\/1-50.jpg 595w, https:\/\/www.sidwaya.info\/wp-content\/uploads\/2021\/02\/1-50-300x211.jpg 300w, https:\/\/www.sidwaya.info\/wp-content\/uploads\/2021\/02\/1-50-150x105.jpg 150w, https:\/\/www.sidwaya.info\/wp-content\/uploads\/2021\/02\/1-50-100x70.jpg 100w\" sizes=\"auto, (max-width: 595px) 100vw, 595px\" alt=\"\" title=\"1\"\/><\/a><\/div>\n<p><strong>Au cours d\u2019une audience avec le chef du gouvernement, Christophe Joseph Marie Dabir\u00e9, le 25 f\u00e9vrier 2021, le conseil d\u2019administration de la maison de l\u2019Entreprise du Burkina Faso a plaid\u00e9 pour une concr\u00e9tisation des valeurs qui ont justifi\u00e9 la cr\u00e9ation de l\u2019institution.<\/strong><\/p>\n<p>Le conseil d\u2019administration de la Maison de l\u2019Entreprise du Burkina Faso (ME-BF), conduit par son pr\u00e9sident, Oumar Yugo, a \u00e9t\u00e9 re\u00e7u en audience par le Premier ministre, Christophe Joseph Marie Dabir\u00e9, dans la soir\u00e9e du jeudi 25 f\u00e9vrier 2021. \u00ab Il nous a sembl\u00e9 int\u00e9ressant de venir nous pr\u00e9senter au chef du gouvernement pour exposer nos grandes pr\u00e9occupations sur la relance de la maison de l\u2019Entreprise et recueillir ses conseils\u00bb, a confi\u00e9 \u00e0 la fin de l\u2019audience le Pr\u00e9sident du conseil d\u2019administration (PCA). Au cours de l\u2019audience, les administrateurs de la maison de l\u2019Entreprise ont souhait\u00e9 \u00e9galement que le chef du gouvernement soit leur fer de lance dans le plaidoyer pour concr\u00e9tiser sur le terrain les valeurs qui ont pr\u00e9sid\u00e9 \u00e0 la cr\u00e9ation de l\u2019institution.<\/p>\n<p>Il s\u2019agit d\u2019accompagner le gouvernement dans la cr\u00e9ation de l\u2019emploi et le d\u00e9veloppement de l\u2019entrepreneuriat des jeunes. Une dol\u00e9ance qui a re\u00e7u un avis favorable, selon M. Yugo. \u00ab Nous avons demand\u00e9 \u00e0 ce qu\u2019il porte notre plaidoyer au niveau des minist\u00e8res en charge de l\u2019agriculture, de l\u2019emploi, du commerce et des finances afin que les valeurs qui ont pr\u00e9sid\u00e9 \u00e0 la cr\u00e9ation de la maison de l\u2019Entreprise soient concr\u00e9tis\u00e9es sur le terrain\u00bb, a confi\u00e9 le PCA.<\/p>\n<p>Une dol\u00e9ance accept\u00e9e par le Premier ministre, puisque celui-ci s\u2019est engag\u00e9 \u00e0 examiner avec les minist\u00e8res concern\u00e9s, les actions \u00e0 mettre en \u0153uvre pour d\u00e9velopper les activit\u00e9s de la maison de l\u2019Entreprise, si l\u2019on en croit \u00e0 M. Yugo.<\/p>\n<p class=\"c1\"><strong>Nad\u00e8ge YE<\/strong><\/p>\n<div class=\"td-a-rec td-a-rec-id-content_bottom tdi_33_229 td_block_template_1\">\n<p><img loading=\"lazy\" decoding=\"async\" class=\"aligncenter size-full wp-image-27454\" src=\"https:\/\/www.sidwaya.info\/wp-content\/uploads\/2020\/10\/PUB-Bandeau-paiement-mobile-siteweb.jpg\" alt=\"\" width=\"728\" height=\"90\"\/><\/div>\n<p>Auteur: BM. Sidwaya<br \/>\n<a href=\"https:\/\/www.sidwaya.info\/blog\/2021\/02\/25\/promotion-des-valeurs-de-la-maison-de-lentreprise-le-premier-ministre-sollicite\/\">Cliquez ici pour lire l&rsquo;article depuis sa source.<\/a><\/p>\n","protected":false},"excerpt":{"rendered":"<p>Au cours d\u2019une audience avec le chef du gouvernement, Christophe Joseph Marie Dabir\u00e9, le 25 f\u00e9vrier 2021, le conseil d\u2019administration de la maison de l\u2019Entreprise du Burkina Faso a plaid\u00e9 pour une concr\u00e9tisation des valeurs qui ont justifi\u00e9 la cr\u00e9ation de l\u2019institution. Le conseil d\u2019administration de la Maison de l\u2019Entreprise du Burkina Faso (ME-BF), conduit [&hellip;]<\/p>\n","protected":false},"author":1816,"featured_media":0,"comment_status":"closed","ping_status":"closed","sticky":false,"template":"","format":"standard","meta":{"fifu_image_url":"https:\/\/www.sidwaya.info\/wp-content\/uploads\/2021\/02\/1-50.jpg","fifu_image_alt":"Promotion des valeurs de la maison de l\u2019Entreprise  : le Premier ministre sollicit\u00e9","footnotes":""},"categories":[73,81],"tags":[],"class_list":["post-112051","post","type-post","status-publish","format-standard","hentry","category-actualite","category-burkina-faso"],"_links":{"self":[{"href":"https:\/\/linitiative.ca\/International\/wp-json\/wp\/v2\/posts\/112051","targetHints":{"allow":["GET"]}}],"collection":[{"href":"https:\/\/linitiative.ca\/International\/wp-json\/wp\/v2\/posts"}],"about":[{"href":"https:\/\/linitiative.ca\/International\/wp-json\/wp\/v2\/types\/post"}],"author":[{"embeddable":true,"href":"https:\/\/linitiative.ca\/International\/wp-json\/wp\/v2\/users\/1816"}],"replies":[{"embeddable":true,"href":"https:\/\/linitiative.ca\/International\/wp-json\/wp\/v2\/comments?post=112051"}],"version-history":[{"count":0,"href":"https:\/\/linitiative.ca\/International\/wp-json\/wp\/v2\/posts\/112051\/revisions"}],"wp:attachment":[{"href":"https:\/\/linitiative.ca\/International\/wp-json\/wp\/v2\/media?parent=112051"}],"wp:term":[{"taxonomy":"category","embeddable":true,"href":"https:\/\/linitiative.ca\/International\/wp-json\/wp\/v2\/categories?post=112051"},{"taxonomy":"post_tag","embeddable":true,"href":"https:\/\/linitiative.ca\/International\/wp-json\/wp\/v2\/tags?post=112051"}],"curies":[{"name":"wp","href":"https:\/\/api.w.org\/{rel}","templated":true}]}}