{"id":112055,"date":"2021-02-25T12:18:02","date_gmt":"2021-02-25T17:18:02","guid":{"rendered":"https:\/\/linitiative.ca\/International\/programme-gpe-abidjan-remise-de-diplomes-a-44-auditeurs\/"},"modified":"2021-02-25T12:18:02","modified_gmt":"2021-02-25T17:18:02","slug":"programme-gpe-abidjan-remise-de-diplomes-a-44-auditeurs","status":"publish","type":"post","link":"https:\/\/linitiative.ca\/International\/programme-gpe-abidjan-remise-de-diplomes-a-44-auditeurs\/","title":{"rendered":"Programme GPE-Abidjan: remise de dipl\u00f4mes \u00e0 44 auditeurs"},"content":{"rendered":"<div readability=\"32\">\n<p>Publi\u00e9 le 25.02.2021 \u00e0 18h18 par APA News<\/p>\n<\/div>\n<div readability=\"124\">\n<p>Quarante et quatre (44) auditeurs de la 20e promotion du Programme de formation en Gestion de la politique \u00e9conomique (GPE) ont re\u00e7u jeudi leurs parchemins, lors d\u2019une c\u00e9r\u00e9monie \u00e0 l\u2019Universit\u00e9 F\u00e9lix Houphou\u00ebt-Boigny d\u2019Abidjan.<\/p>\n<p>Quarante-quatre auditeurs ont pass\u00e9 avec succ\u00e8s les \u00e9valuations de la formation sur un total de 46 dont 38 ont fait les cours en pr\u00e9sentiel et huit en formation ouverte \u00e0 distance. Selon les r\u00e9sultats, 27 ont obtenu leur s\u00e9same avec la mention bien et 17 avec la mention assez-bien. \u00a0\u00a0<\/p>\n<p>La formation a \u00e9t\u00e9 affect\u00e9e par la Covid-19, mais pour achever les diff\u00e9rents modules, la direction g\u00e9n\u00e9rale du Programme GPE-Abidjan, conduite par Mama Ouattara, a d\u00fb faire basculer, au pic de la pand\u00e9mie, tous les cours en ligne.\u00a0<\/p>\n<p>Le Programme GPE-Abidjan vise notamment le renforcement des capacit\u00e9s des cadres des administrations publiques et priv\u00e9es de la sous-r\u00e9gion ouest africaine francophone, en mati\u00e8re de management des politiques \u00e9conomiques.\u00a0<\/p>\n<p>M. Moussa Diabat\u00e9, directeur de Cabinet, repr\u00e9sentant le ministre de la Fonction publique, Issa Coulibaly, pr\u00e9sident de la c\u00e9r\u00e9monie, s\u2019est f\u00e9licit\u00e9 de ce programme qui appara\u00eet comme un instrument privil\u00e9gi\u00e9 dans la strat\u00e9gie de renforcement des capacit\u00e9s des cadres des administrations publiques et priv\u00e9es.\u00a0<\/p>\n<p>\u00ab\u00a0Le programme permet de relever la comp\u00e9titivit\u00e9 globale des \u00e9conomies africaines et d\u2019accro\u00eetre la satisfaction des citoyens, usagers\/clients de nos services publics\u00a0\u00bb et \u00ab\u00a0l\u2019am\u00e9lioration constante et soutenue des performances de nos administrations\u00a0\u00bb, a-t-il ajout\u00e9.<\/p>\n<p>Le nouveau pr\u00e9sident de l\u2019Universit\u00e9 F\u00e9lix Houphou\u00ebt-Boigny de Cocody (publique), Ballo Zi\u00e9, a invit\u00e9 les auditeurs \u00e0 consid\u00e9rer ce dipl\u00f4me comme \u00ab\u00a0un point de d\u00e9part\u00a0\u00bb face aux d\u00e9fis des \u00e9conomies et des administrations sur le continent.<\/p>\n<p>M. Ballo Zi\u00e9 a salu\u00e9 son pr\u00e9d\u00e9cesseur, Abou Karamoko, pr\u00e9sident honoraire de l\u2019Universit\u00e9 F\u00e9lix Houphou\u00ebt-Boigny, pour son appui apport\u00e9 \u00e0 ce programme. Ce dernier a d\u2019ailleurs accord\u00e9 2 ha sur l\u2019espace universitaire au programme GPE pour la construction d\u2019un institut.\u00a0<\/p>\n<p>Le directeur g\u00e9n\u00e9ral du Programme GPE-Abidjan, Mama Ouattara, a d\u00e9cern\u00e9 un troph\u00e9e de reconnaissance \u00e0 M. Abou Karamoko. Selon lui, cet institut pens\u00e9 et devant abriter un campus vise \u00e0 r\u00e9pondre au mieux aux besoins de formation. \u00a0\u00a0<\/p>\n<p>Le GPE-Abidjan, un programme d\u2019excellence de l\u2019Universit\u00e9 F\u00e9lix Houphou\u00ebt-Boigny, se veut un incubateur de comp\u00e9tences en gestion de la politique \u00e9conomique. La formation d\u00e9bouche sur la d\u00e9livrance d\u2019un Master des Hautes \u00e9tudes en Gestion de la politique \u00e9conomique.<\/p>\n<p>Pour cette formation dipl\u00f4mante qui dure 12 mois, \u00e0 distance et en pr\u00e9sentielle, le candidat doit \u00eatre titulaire d\u2019une Ma\u00eetrise ou d\u2019un Master en sciences \u00e9conomiques et de gestion ou d\u2019un dipl\u00f4me jug\u00e9 \u00e9quivalent et avoir au moins cinq ann\u00e9es d\u2019exp\u00e9riences professionnelles. \u00a0\u00a0<\/p>\n<p>Le pr\u00e9sident de la Cour des comptes, Diomand\u00e9 Kanvaly, parrain de la c\u00e9r\u00e9monie, s\u2019est r\u00e9joui de ce que cette formation qui avait lieu en France ait \u00e9t\u00e9 d\u00e9localis\u00e9e \u00e0 Abidjan et \u00e0 Yaound\u00e9 en 1998 en ce qui concerne l\u2019Afrique francophone.<\/p>\n<p>\u00ab\u00a0Je vous exhorte \u00e0 faire honneur \u00e0 vos pays respectifs, \u00e0 tous ceux qui ont pris part \u00e0 votre formation (\u2026) Tout le long de vos carri\u00e8res, gardez \u00e0 l\u2019esprit le but pour lequel vous avez \u00e9t\u00e9 form\u00e9s: contribuer \u00e0 l\u2019\u00e9mergence d\u2019une administration efficace\u00a0\u00bb, a-t-il poursuivi.\u00a0<\/p>\n<p>Le major de la 20e promotion du Programme GPE-Abidjan est le B\u00e9ninois Emmanuel Akapko. Quatre nationalit\u00e9s ont particip\u00e9 \u00e0 cette \u00e9dition, notamment le B\u00e9nin, le Burkina Faso, le Togo et la C\u00f4te d\u2019Ivoire.\u00a0<\/p>\n<\/div>\n<p>Auteur: APA News<br \/>\n<a href=\"https:\/\/www.journalducameroun.com\/programme-gpe-abidjan-remise-de-diplomes-a-44-auditeurs\/\">Cliquez ici pour lire l&rsquo;article depuis sa source.<\/a><\/p>\n","protected":false},"excerpt":{"rendered":"<p>Publi\u00e9 le 25.02.2021 \u00e0 18h18 par APA News Quarante et quatre (44) auditeurs de la 20e promotion du Programme de formation en Gestion de la politique \u00e9conomique (GPE) ont re\u00e7u jeudi leurs parchemins, lors d\u2019une c\u00e9r\u00e9monie \u00e0 l\u2019Universit\u00e9 F\u00e9lix Houphou\u00ebt-Boigny d\u2019Abidjan. Quarante-quatre auditeurs ont pass\u00e9 avec succ\u00e8s les \u00e9valuations de la formation sur un total [&hellip;]<\/p>\n","protected":false},"author":1965,"featured_media":0,"comment_status":"closed","ping_status":"closed","sticky":false,"template":"","format":"standard","meta":{"fifu_image_url":"","fifu_image_alt":"","footnotes":""},"categories":[73,82],"tags":[],"class_list":["post-112055","post","type-post","status-publish","format-standard","hentry","category-actualite","category-cameroun"],"_links":{"self":[{"href":"https:\/\/linitiative.ca\/International\/wp-json\/wp\/v2\/posts\/112055","targetHints":{"allow":["GET"]}}],"collection":[{"href":"https:\/\/linitiative.ca\/International\/wp-json\/wp\/v2\/posts"}],"about":[{"href":"https:\/\/linitiative.ca\/International\/wp-json\/wp\/v2\/types\/post"}],"author":[{"embeddable":true,"href":"https:\/\/linitiative.ca\/International\/wp-json\/wp\/v2\/users\/1965"}],"replies":[{"embeddable":true,"href":"https:\/\/linitiative.ca\/International\/wp-json\/wp\/v2\/comments?post=112055"}],"version-history":[{"count":0,"href":"https:\/\/linitiative.ca\/International\/wp-json\/wp\/v2\/posts\/112055\/revisions"}],"wp:attachment":[{"href":"https:\/\/linitiative.ca\/International\/wp-json\/wp\/v2\/media?parent=112055"}],"wp:term":[{"taxonomy":"category","embeddable":true,"href":"https:\/\/linitiative.ca\/International\/wp-json\/wp\/v2\/categories?post=112055"},{"taxonomy":"post_tag","embeddable":true,"href":"https:\/\/linitiative.ca\/International\/wp-json\/wp\/v2\/tags?post=112055"}],"curies":[{"name":"wp","href":"https:\/\/api.w.org\/{rel}","templated":true}]}}