{"id":112056,"date":"2021-02-25T12:18:04","date_gmt":"2021-02-25T17:18:04","guid":{"rendered":"https:\/\/linitiative.ca\/International\/covid-19-macky-sall-sest-vaccine\/"},"modified":"2021-02-25T12:18:04","modified_gmt":"2021-02-25T17:18:04","slug":"covid-19-macky-sall-sest-vaccine","status":"publish","type":"post","link":"https:\/\/linitiative.ca\/International\/covid-19-macky-sall-sest-vaccine\/","title":{"rendered":"Covid-19 : Macky Sall s\u2019est vaccin\u00e9"},"content":{"rendered":"<div readability=\"32\">\n<p>Publi\u00e9 le 25.02.2021 \u00e0 18h18 par APA News<\/p>\n<\/div>\n<div readability=\"79\">\n<p>Le chef de l\u2019Etat S\u00e9n\u00e9galais, Macky Sall, s\u2019est fait vacciner contre le nouveau coronavirus.Accompagn\u00e9 de son \u00e9pouse, Mari\u00e8me Faye Sall, il a re\u00e7u le vaccin, ce jeudi apr\u00e8s-midi, lors d\u2019une c\u00e9r\u00e9monie tenue dans la salle des banquets du Palais de la R\u00e9publique.<\/p>\n<p>Par la suite, le pr\u00e9sident du Conseil \u00e9conomique, social et environnementale (Cese), Idrissa Seck, le Directeur de Cabinet du chef de l\u2019Etat, Mahmoud Saleh, et le ministre des Forces arm\u00e9es, Sidiki Kaba se sont respectivement vaccin\u00e9s.<\/p>\n<p>Plusieurs membres du Gouvernement, d\u2019autres autorit\u00e9s \u00e9tatiques et des professionnels de la sant\u00e9 \u00e9taient pr\u00e9sents.<\/p>\n<p>Dans son discours, Macky Sall a insist\u00e9 sur \u00ab l\u2019ampleur de la pand\u00e9mie dans le monde\u00a0\u00bb et \u00ab dans notre pays \u00bb, estimant que \u00ab plus de 840 morts (852 au total \u00e0 la date de ce 25 f\u00e9vrier), c\u2019est beaucoup\u00a0\u00bb.<\/p>\n<p>C\u2019est pourquoi, a-t-il dit, \u00ab le vaccin reste le seul moyen de pr\u00e9vention pour vaincre la maladie, en plus des gestes barri\u00e8res qui doivent rester de rigueur. Il y a eu beaucoup de rumeur sur le vaccin, mais il a fallu beaucoup d\u2019efforts pour arriver aux vaccins\u00a0\u00bb.<\/p>\n<p>\u00ab Nous devons prendre les vaccins, sinon je vais les donner aux autres pays africains qui en ont besoin \u00bb, a indiqu\u00e9 Macky Sall, invitant les populations \u00e0 se faire vacciner.<\/p>\n<p>Le S\u00e9n\u00e9gal a lanc\u00e9 mardi dernier la premi\u00e8re phase de sa campagne de vaccination contre la Covid-19 avec les 200.000 doses re\u00e7ues du laboratoire chinois Sinopharm.<\/p>\n<\/div>\n<p>Auteur: APA News<br \/>\n<a href=\"https:\/\/www.journalducameroun.com\/covid-19-macky-sall-sest-vaccine\/\">Cliquez ici pour lire l&rsquo;article depuis sa source.<\/a><\/p>\n","protected":false},"excerpt":{"rendered":"<p>Publi\u00e9 le 25.02.2021 \u00e0 18h18 par APA News Le chef de l\u2019Etat S\u00e9n\u00e9galais, Macky Sall, s\u2019est fait vacciner contre le nouveau coronavirus.Accompagn\u00e9 de son \u00e9pouse, Mari\u00e8me Faye Sall, il a re\u00e7u le vaccin, ce jeudi apr\u00e8s-midi, lors d\u2019une c\u00e9r\u00e9monie tenue dans la salle des banquets du Palais de la R\u00e9publique. Par la suite, le pr\u00e9sident [&hellip;]<\/p>\n","protected":false},"author":1965,"featured_media":0,"comment_status":"closed","ping_status":"closed","sticky":false,"template":"","format":"standard","meta":{"fifu_image_url":"","fifu_image_alt":"","footnotes":""},"categories":[73,82],"tags":[],"class_list":["post-112056","post","type-post","status-publish","format-standard","hentry","category-actualite","category-cameroun"],"_links":{"self":[{"href":"https:\/\/linitiative.ca\/International\/wp-json\/wp\/v2\/posts\/112056","targetHints":{"allow":["GET"]}}],"collection":[{"href":"https:\/\/linitiative.ca\/International\/wp-json\/wp\/v2\/posts"}],"about":[{"href":"https:\/\/linitiative.ca\/International\/wp-json\/wp\/v2\/types\/post"}],"author":[{"embeddable":true,"href":"https:\/\/linitiative.ca\/International\/wp-json\/wp\/v2\/users\/1965"}],"replies":[{"embeddable":true,"href":"https:\/\/linitiative.ca\/International\/wp-json\/wp\/v2\/comments?post=112056"}],"version-history":[{"count":0,"href":"https:\/\/linitiative.ca\/International\/wp-json\/wp\/v2\/posts\/112056\/revisions"}],"wp:attachment":[{"href":"https:\/\/linitiative.ca\/International\/wp-json\/wp\/v2\/media?parent=112056"}],"wp:term":[{"taxonomy":"category","embeddable":true,"href":"https:\/\/linitiative.ca\/International\/wp-json\/wp\/v2\/categories?post=112056"},{"taxonomy":"post_tag","embeddable":true,"href":"https:\/\/linitiative.ca\/International\/wp-json\/wp\/v2\/tags?post=112056"}],"curies":[{"name":"wp","href":"https:\/\/api.w.org\/{rel}","templated":true}]}}