{"id":112057,"date":"2021-02-25T16:18:02","date_gmt":"2021-02-25T21:18:02","guid":{"rendered":"https:\/\/linitiative.ca\/International\/bamako-salue-le-role-de-rabat-dans-laccompagnement-du-processus-de-transition-au-mali\/"},"modified":"2021-02-25T16:18:02","modified_gmt":"2021-02-25T21:18:02","slug":"bamako-salue-le-role-de-rabat-dans-laccompagnement-du-processus-de-transition-au-mali","status":"publish","type":"post","link":"https:\/\/linitiative.ca\/International\/bamako-salue-le-role-de-rabat-dans-laccompagnement-du-processus-de-transition-au-mali\/","title":{"rendered":"Bamako salue le r\u00f4le de Rabat dans l\u2019accompagnement du processus de transition au Mali"},"content":{"rendered":"<div readability=\"32\">\n<p>Publi\u00e9 le 25.02.2021 \u00e0 22h18 par APA News<\/p>\n<\/div>\n<div readability=\"49\">\n<p>Le vice-pr\u00e9sident du Mali, Assimi Go\u00efta, a salu\u00e9, jeudi \u00e0 Rabat, le r\u00f4le du Maroc dans l\u2019accompagnement du processus de transition au Mali.\u00a0M. Go\u00efta a \u00e9t\u00e9 re\u00e7u par le ministre marocain des Affaires \u00e9trang\u00e8res, Nasser Bourita, dans le cadre de sa visite de travail dans le Royaume.<\/p>\n<p>Le vice-pr\u00e9sident malien a mis en avant l\u2019action men\u00e9e par le Royaume du Maroc dans l\u2019accompagnement du processus de transition dans son pays, soulignant les liens forts qui unissent le Maroc et le Mali.<\/p>\n<p>Lors de cette rencontre, les deux responsables ont \u00e9voqu\u00e9 la coop\u00e9ration bilat\u00e9rale dans plusieurs domaines.<\/p>\n<\/div>\n<p>Auteur: APA News<br \/>\n<a href=\"https:\/\/www.journalducameroun.com\/bamako-salue-le-role-de-rabat-dans-laccompagnement-du-processus-de-transition-au-mali\/\">Cliquez ici pour lire l&rsquo;article depuis sa source.<\/a><\/p>\n","protected":false},"excerpt":{"rendered":"<p>Publi\u00e9 le 25.02.2021 \u00e0 22h18 par APA News Le vice-pr\u00e9sident du Mali, Assimi Go\u00efta, a salu\u00e9, jeudi \u00e0 Rabat, le r\u00f4le du Maroc dans l\u2019accompagnement du processus de transition au Mali.\u00a0M. Go\u00efta a \u00e9t\u00e9 re\u00e7u par le ministre marocain des Affaires \u00e9trang\u00e8res, Nasser Bourita, dans le cadre de sa visite de travail dans le Royaume. [&hellip;]<\/p>\n","protected":false},"author":1965,"featured_media":0,"comment_status":"closed","ping_status":"closed","sticky":false,"template":"","format":"standard","meta":{"fifu_image_url":"","fifu_image_alt":"","footnotes":""},"categories":[73,82],"tags":[],"class_list":["post-112057","post","type-post","status-publish","format-standard","hentry","category-actualite","category-cameroun"],"_links":{"self":[{"href":"https:\/\/linitiative.ca\/International\/wp-json\/wp\/v2\/posts\/112057","targetHints":{"allow":["GET"]}}],"collection":[{"href":"https:\/\/linitiative.ca\/International\/wp-json\/wp\/v2\/posts"}],"about":[{"href":"https:\/\/linitiative.ca\/International\/wp-json\/wp\/v2\/types\/post"}],"author":[{"embeddable":true,"href":"https:\/\/linitiative.ca\/International\/wp-json\/wp\/v2\/users\/1965"}],"replies":[{"embeddable":true,"href":"https:\/\/linitiative.ca\/International\/wp-json\/wp\/v2\/comments?post=112057"}],"version-history":[{"count":0,"href":"https:\/\/linitiative.ca\/International\/wp-json\/wp\/v2\/posts\/112057\/revisions"}],"wp:attachment":[{"href":"https:\/\/linitiative.ca\/International\/wp-json\/wp\/v2\/media?parent=112057"}],"wp:term":[{"taxonomy":"category","embeddable":true,"href":"https:\/\/linitiative.ca\/International\/wp-json\/wp\/v2\/categories?post=112057"},{"taxonomy":"post_tag","embeddable":true,"href":"https:\/\/linitiative.ca\/International\/wp-json\/wp\/v2\/tags?post=112057"}],"curies":[{"name":"wp","href":"https:\/\/api.w.org\/{rel}","templated":true}]}}