{"id":112060,"date":"2021-02-25T14:25:06","date_gmt":"2021-02-25T19:25:06","guid":{"rendered":"https:\/\/linitiative.ca\/International\/38e-promotion-de-lemia-paul-biya-absent-a-la-remise-des-epaulettes-aux-eleves-officiers\/"},"modified":"2021-02-25T14:25:06","modified_gmt":"2021-02-25T19:25:06","slug":"38e-promotion-de-lemia-paul-biya-absent-a-la-remise-des-epaulettes-aux-eleves-officiers","status":"publish","type":"post","link":"https:\/\/linitiative.ca\/International\/38e-promotion-de-lemia-paul-biya-absent-a-la-remise-des-epaulettes-aux-eleves-officiers\/","title":{"rendered":"38e promotion de l\u2019Emia : Paul Biya absent \u00e0 la remise des \u00e9paulettes aux \u00e9l\u00e8ves officiers"},"content":{"rendered":"<p>Les \u00e9l\u00e8ves officiers de la 38<sup>e<\/sup>\u00a0promotion de l\u2019Ecole Militaire Interarm\u00e9es(Emia) arriv\u00e9s en fin de formation ne verront pas le Chef de l\u2019Etat \u00e0 l\u2019occasion de la remise de leurs \u00e9paulettes. La c\u00e9r\u00e9monie qui se d\u00e9roule ce vendredi 26 f\u00e9vrier 2021 \u00e0 11 heures sera pr\u00e9sid\u00e9e par le g\u00e9n\u00e9ral de corps d\u2019arm\u00e9e, Chef d\u2019Etat-major des Arm\u00e9es, apprend-on. La raison de cette absence in\u00e9dite du chef de l\u2019Etat est li\u00e9e \u00e0 des restrictions impos\u00e9es par la pand\u00e9mie du coronavirus.<\/p>\n<p><strong>Lire aussi<\/strong> : <a href=\"https:\/\/ecomatin.net\/le-ministere-de-la-defense-traine-en-justice-pour-une-affaire-de-12-milliards-fcfa\/\">Le minist\u00e8re de la D\u00e9fense tra\u00een\u00e9 en justice pour une affaire de 12 milliards FCFA<\/a><\/p>\n<p>\u00a0\u00abEu \u00e9gard aux contraintes et restrictions charri\u00e9s par la pr\u00e9vention de la pand\u00e9mie de la Corona Virus Desease (Covid 19), le Chef de l\u2019Etat, Chef des Forces Arm\u00e9es, a habilit\u00e9 le Ministre d\u00e9l\u00e9gu\u00e9 \u00e0 la Pr\u00e9sidence Charg\u00e9 de la d\u00e9fense \u00e0 organiser exceptionnellement, en format militaire r\u00e9duit, une prise d\u2019armes \u00e0 l\u2019effet de remettre les \u00e9paulettes aux \u00e9l\u00e8ves Officiers d\u2019active de la 38<sup>\u00e8me<\/sup>\u00a0promotion de l\u2019Ecole Militaire Inter Arm\u00e9es (Emia) arriv\u00e9s en fin de formation\u00a0\u00bb peut-on lire sur un communiqu\u00e9 sign\u00e9 ce jour par Joseph Beti Assomo.<\/p>\n<p>D\u2019apr\u00e8s le Ministre d\u00e9l\u00e9gu\u00e9 \u00e0 la Pr\u00e9sidence charg\u00e9 de la d\u00e9fense, l\u2019absence du Chef de l\u2019Etat \u00e0 cette c\u00e9r\u00e9monie n\u2019est que conjoncturelle et ne rompt point avec la solennit\u00e9 habituelle des c\u00e9r\u00e9monies de triomphe des \u00e9l\u00e8ves officiers arriv\u00e9s en fin de formation \u00e0 l\u2019Emia. \u00ab\u00a0Le Chef de l\u2019Etat, chef des forces arm\u00e9es, honorera \u00e0 nouveau cette tradition bien \u00e9tablie une fois que les conditions sanitaires du pays le permettront\u00a0\u00bb rassure le Mindef.<\/p>\n<p><strong>Lire aussi<\/strong> : <a href=\"https:\/\/ecomatin.net\/salaires-fictifs-des-officiers-superieurs-de-larmee-condamnes-a-vie-pour-un-detournement-de-15-milliard-fcfa\/\">Salaires fictifs : des officiers sup\u00e9rieurs de l\u2019arm\u00e9e condamn\u00e9s \u00e0 vie pour un d\u00e9tournement de 1,5 milliard FCFA<\/a><\/p>\n<p>Auteur: Cedrick JIONGO<br \/>\n<a href=\"https:\/\/ecomatin.net\/38e-promotion-de-lemia-paul-biya-absent-a-la-remise-des-epaulettes-aux-eleves-officiers\/\">Cliquez ici pour lire l&rsquo;article depuis sa source.<\/a><\/p>\n","protected":false},"excerpt":{"rendered":"<p>Les \u00e9l\u00e8ves officiers de la 38e\u00a0promotion de l\u2019Ecole Militaire Interarm\u00e9es(Emia) arriv\u00e9s en fin de formation ne verront pas le Chef de l\u2019Etat \u00e0 l\u2019occasion de la remise de leurs \u00e9paulettes. La c\u00e9r\u00e9monie qui se d\u00e9roule ce vendredi 26 f\u00e9vrier 2021 \u00e0 11 heures sera pr\u00e9sid\u00e9e par le g\u00e9n\u00e9ral de corps d\u2019arm\u00e9e, Chef d\u2019Etat-major des Arm\u00e9es, [&hellip;]<\/p>\n","protected":false},"author":1969,"featured_media":0,"comment_status":"closed","ping_status":"closed","sticky":false,"template":"","format":"standard","meta":{"fifu_image_url":"","fifu_image_alt":"","footnotes":""},"categories":[82,78],"tags":[],"class_list":["post-112060","post","type-post","status-publish","format-standard","hentry","category-cameroun","category-economie"],"_links":{"self":[{"href":"https:\/\/linitiative.ca\/International\/wp-json\/wp\/v2\/posts\/112060","targetHints":{"allow":["GET"]}}],"collection":[{"href":"https:\/\/linitiative.ca\/International\/wp-json\/wp\/v2\/posts"}],"about":[{"href":"https:\/\/linitiative.ca\/International\/wp-json\/wp\/v2\/types\/post"}],"author":[{"embeddable":true,"href":"https:\/\/linitiative.ca\/International\/wp-json\/wp\/v2\/users\/1969"}],"replies":[{"embeddable":true,"href":"https:\/\/linitiative.ca\/International\/wp-json\/wp\/v2\/comments?post=112060"}],"version-history":[{"count":0,"href":"https:\/\/linitiative.ca\/International\/wp-json\/wp\/v2\/posts\/112060\/revisions"}],"wp:attachment":[{"href":"https:\/\/linitiative.ca\/International\/wp-json\/wp\/v2\/media?parent=112060"}],"wp:term":[{"taxonomy":"category","embeddable":true,"href":"https:\/\/linitiative.ca\/International\/wp-json\/wp\/v2\/categories?post=112060"},{"taxonomy":"post_tag","embeddable":true,"href":"https:\/\/linitiative.ca\/International\/wp-json\/wp\/v2\/tags?post=112060"}],"curies":[{"name":"wp","href":"https:\/\/api.w.org\/{rel}","templated":true}]}}