{"id":112064,"date":"2021-02-25T15:16:56","date_gmt":"2021-02-25T20:16:56","guid":{"rendered":"https:\/\/linitiative.ca\/International\/boucle-miniere-du-dja-un-budget-de-23-milliards-pour-2021\/"},"modified":"2021-02-25T15:16:56","modified_gmt":"2021-02-25T20:16:56","slug":"boucle-miniere-du-dja-un-budget-de-23-milliards-pour-2021","status":"publish","type":"post","link":"https:\/\/linitiative.ca\/International\/boucle-miniere-du-dja-un-budget-de-23-milliards-pour-2021\/","title":{"rendered":"Boucle mini\u00e8re du Dja : un budget de 2,3 milliards pour 2021"},"content":{"rendered":"<p>Le Secr\u00e9taire g\u00e9n\u00e9ral de ministre du ministre de l\u2019Economie, de la Planification et de l\u2019Am\u00e9nagement du territoire Jean Tchoffo a pr\u00e9sid\u00e9 ce 25 f\u00e9vrier 2021, les 11<sup>\u00e8me<\/sup>\u00a0et 12<sup>\u00e8me<\/sup>\u00a0sessions du comit\u00e9 d\u2019orientation et de supervision (COS) du Programme d\u2019am\u00e9nagement et de d\u00e9veloppement int\u00e9gr\u00e9 de la boucle mini\u00e8re du Dja et de la zone frontali\u00e8re adjacente (Padi-Dja). La rencontre du jour devait alors servir \u00e0 l\u2019examen du rapport d\u2019activit\u00e9s de l\u2019ann\u00e9e 2020 et \u00e0 l\u2019adoption du budget 2021.<\/p>\n<p>S\u2019agissant du budget 2021, il a \u00e9t\u00e9 adopt\u00e9 \u00e0 hauteur de 2,3 milliards de FCFA, contre 2,584 milliards en 2020, soit une baisse de 11%. Notons que celui-ci est en dessous des pr\u00e9visions du Padi-Dja qui se chiffrent \u00e0 4,8 milliards de Fcfa. Cette enveloppe servira prioritairement \u00e0 la r\u00e9habilitation du r\u00e9seau routier impact\u00e9 par le barrage hydro\u00e9lectrique de Mekin. A cela s\u2019ajoute la poursuite des multiples activit\u00e9s entam\u00e9es depuis les exercices pr\u00e9c\u00e9dents notamment avec\u00a0: la composante d\u00e9veloppement rural et communautaire qui int\u00e8gre la poursuite du projet \u00ab\u00a0appui au d\u00e9veloppement rurale adoss\u00e9e \u00e0 la cacao culture phase 44\u00a0\u00bb et la mise sur pied de 2 fermes d\u2019alevinage\u00a0; la composante d\u00e9veloppement des infrastructures socio\u00e9conomiques qui conduit notamment\u00a0\u00a0la finalisation des travaux de r\u00e9habilitation des axes routiers, la construction de 10 forages \u00e9quip\u00e9s de pompe solaire, la construction d\u2019un bac de franchissement sur le fleuve du Dja\u00a0; et la composante coop\u00e9ration et appui institutionnel avec la poursuite de la mise en \u0153uvre du document de strat\u00e9gie d\u2019appui conseil aux Collectivit\u00e9s territoriales d\u00e9centralis\u00e9es, la poursuite de la mise en place des plateformes permanentes de concertation entre autres.<\/p>\n<p><strong>Lire aussi<\/strong> : <a href=\"https:\/\/ecomatin.net\/developpement-35-milliards-de-fcfa-de-budget-pour-le-padi-dja-en-2019\/\">D\u00e9veloppement: 3,5 milliards de Fcfa de budget pour le Padi-Dja en 2019<\/a><\/p>\n<p>Mis sur pied en d\u00e9cembre 2014, le Padi-Dja affiche un taux de r\u00e9alisation satisfaisant selon son coordinateur Blondeau Talatala\u00a0: \u00ab\u00a0sur les composantes op\u00e9rationnelles, nous sommes d\u00e9j\u00e0 \u00e0 trois ans de d\u00e9ploiement op\u00e9rationnel sur le terrain. Les activit\u00e9s d\u2019infrastructures sont en phase de finalisation en ce qui concerne les \u00e9tudes. Maintenant le sous-programme 2, en ce qui concerne la r\u00e9habilitation des tron\u00e7ons routiers qui doivent assurer la connectivit\u00e9 entre les communes de notre programme est en cours et les forages et les adductions d\u2019eau potables sont \u00e9galement en cours de mise en \u0153uvre, pour ne citer que ces deux cas-l\u00e0\u00a0\u00bb, indique-t-il.<\/p>\n<p>Cr\u00e9\u00e9 le 26 d\u00e9cembre 2014 le Programme d\u2019am\u00e9nagement et de d\u00e9veloppement int\u00e9gr\u00e9 de la boucle mini\u00e8re du Dja et de la zone frontali\u00e8re adjacente (Padi-Dja), couvre 11 communes dont 5 dans le d\u00e9partement du Dja et Lobo, r\u00e9gion du Sud (Meyomessala, Meyomessi, Bengbis, Djoum, Mintom) et 6 dans le d\u00e9partement du Haut-Nyong \u00e0 l\u2019Est (Messamena, Somalomo, Mindourou, Lomi\u00e9, Messok et Ngoyla). Plac\u00e9 sous l\u2019autorit\u00e9 du Premier ministre et mis en \u0153uvre par le ministre de l\u2019Economie et de la planification et de l\u2019Am\u00e9nagement du territoire, le Padi-Dja a pour objectif principal d\u2019am\u00e9liorer les conditions de vie des populations et de promouvoir les \u00e9changes transfrontaliers, \u00e0 travers l\u2019am\u00e9nagement et la construction des infrastructures socio\u00e9conomiques de d\u00e9veloppement et d\u2019appui institutionnel, dans les r\u00e9gions du Sud et de l\u2019Est en pr\u00e9lude \u00e0 la future exploitation du gisement de fer de Mbalam et des autres projets miniers structurants.<\/p>\n<p><strong>Lire aussi<\/strong> : <a href=\"https:\/\/ecomatin.net\/le-gouvernement-veut-limiter-les-effets-de-la-boucle-miniere-du-dja-sur-la-population-et-lenvironnement\/\">Le gouvernement veut limiter les effets de la boucle mini\u00e8re du Dja sur la population et l\u2019environnement<\/a><\/p>\n<p>Auteur: Cindy MBALA<br \/>\n<a href=\"https:\/\/ecomatin.net\/boucle-miniere-du-dja-un-budget-de-23-milliards-pour-2021\/\">Cliquez ici pour lire l&rsquo;article depuis sa source.<\/a><\/p>\n","protected":false},"excerpt":{"rendered":"<p>Le Secr\u00e9taire g\u00e9n\u00e9ral de ministre du ministre de l\u2019Economie, de la Planification et de l\u2019Am\u00e9nagement du territoire Jean Tchoffo a pr\u00e9sid\u00e9 ce 25 f\u00e9vrier 2021, les 11\u00e8me\u00a0et 12\u00e8me\u00a0sessions du comit\u00e9 d\u2019orientation et de supervision (COS) du Programme d\u2019am\u00e9nagement et de d\u00e9veloppement int\u00e9gr\u00e9 de la boucle mini\u00e8re du Dja et de la zone frontali\u00e8re adjacente (Padi-Dja). [&hellip;]<\/p>\n","protected":false},"author":1969,"featured_media":0,"comment_status":"closed","ping_status":"closed","sticky":false,"template":"","format":"standard","meta":{"fifu_image_url":"","fifu_image_alt":"","footnotes":""},"categories":[82,78],"tags":[],"class_list":["post-112064","post","type-post","status-publish","format-standard","hentry","category-cameroun","category-economie"],"_links":{"self":[{"href":"https:\/\/linitiative.ca\/International\/wp-json\/wp\/v2\/posts\/112064","targetHints":{"allow":["GET"]}}],"collection":[{"href":"https:\/\/linitiative.ca\/International\/wp-json\/wp\/v2\/posts"}],"about":[{"href":"https:\/\/linitiative.ca\/International\/wp-json\/wp\/v2\/types\/post"}],"author":[{"embeddable":true,"href":"https:\/\/linitiative.ca\/International\/wp-json\/wp\/v2\/users\/1969"}],"replies":[{"embeddable":true,"href":"https:\/\/linitiative.ca\/International\/wp-json\/wp\/v2\/comments?post=112064"}],"version-history":[{"count":0,"href":"https:\/\/linitiative.ca\/International\/wp-json\/wp\/v2\/posts\/112064\/revisions"}],"wp:attachment":[{"href":"https:\/\/linitiative.ca\/International\/wp-json\/wp\/v2\/media?parent=112064"}],"wp:term":[{"taxonomy":"category","embeddable":true,"href":"https:\/\/linitiative.ca\/International\/wp-json\/wp\/v2\/categories?post=112064"},{"taxonomy":"post_tag","embeddable":true,"href":"https:\/\/linitiative.ca\/International\/wp-json\/wp\/v2\/tags?post=112064"}],"curies":[{"name":"wp","href":"https:\/\/api.w.org\/{rel}","templated":true}]}}