{"id":112065,"date":"2021-02-26T09:07:40","date_gmt":"2021-02-26T14:07:40","guid":{"rendered":"https:\/\/linitiative.ca\/International\/questions-a-el-ec-cherif-larkem-directeur-regional-de-lagriculture\/"},"modified":"2021-02-26T09:07:40","modified_gmt":"2021-02-26T14:07:40","slug":"questions-a-el-ec-cherif-larkem-directeur-regional-de-lagriculture","status":"publish","type":"post","link":"https:\/\/linitiative.ca\/International\/questions-a-el-ec-cherif-larkem-directeur-regional-de-lagriculture\/","title":{"rendered":"Questions \u00e0 El Ec-Cherif Larkem  Directeur r\u00e9gional de l\u2019agriculture"},"content":{"rendered":"<header>\n<div class=\"entry-post-meta\">\n<p>Date\u00a0:<time content=\"2021-02-26T15:07:40+01:00\" class=\"entry-date updated\" datetime=\"2021-02-26T15:07:40+01:00\">f\u00e9vrier 26, 2021<\/time><\/p>\n<p>26Vues<\/p>\n<\/div>\n<\/header>\n<div class=\"entry-content clearfix\" readability=\"59\">\n<figure class=\"post-thumbnail\" itemprop=\"associatedMedia\" itemscope=\"itemscope\" itemtype=\"http:\/\/schema.org\/ImageObject\"><img decoding=\"async\" class=\"post_layout_5_img\" src=\"http:\/\/aujourdhui.ma\/wp-content\/uploads\/2021\/02\/Chrif-Arkam-delegue-agriculture-Dakhla.jpg\" alt=\"Questions \u00e0 El Ec-Cherif Larkem Directeur r\u00e9gional de l\u2019agriculture\"\/><\/figure>\n<p><span class=\"c5\"><strong>Une seule station de condition-nement \u00e0 Dakhla est insuffisante vu les perspectives du d\u00e9veloppement de l\u2019agriculture dans la r\u00e9gion. Celle-ci permettra aux exportateurs de r\u00e9duire leurs d\u00e9penses et ne plus passer par les stations de condition-nement d\u2019Agadir.<\/strong><\/span><span id=\"more-369469\"\/><\/p>\n<p><strong><span class=\"c6\">ALM<\/span> : Quelles sont les nouveaut\u00e9s du secteur agricole \u00e0 Dakhla?<\/strong><\/p>\n<p><strong><span class=\"c6\">El Ec-Cherif Larkem<\/span><\/strong> : Le secteur de l\u2019agriculture dans la r\u00e9gion de Dakhla-Oued Eddahab est tr\u00e8s dynamique et sera consolid\u00e9 cette ann\u00e9e par le lancement de la future station de dessalement de l\u2019eau de mer pour deux milliards DH, et dont les travaux de r\u00e9alisation seront lanc\u00e9s cette ann\u00e9e, puis on lancera les travaux d\u2019am\u00e9nagement hydraulique. La station couvrira plus de 5.000 milles ha et cr\u00e9era 10.000 mille postes d\u2019emploi. Elle ajoutera plus de 500 mille tonnes de primeurs \u00e0 la production agricole de Dakhla. Alors qu\u2019une partie de ce projet sera destin\u00e9e aux jeunes de la r\u00e9gion pour reproduire l\u2019exp\u00e9rience d\u2019Ajida qui fait aujourd\u2019hui son chemin et qui a pu acc\u00e9der aux march\u00e9s europ\u00e9ens.<\/p>\n<p><strong>Est-ce que l\u2019agriculture de Dakhla suscite l\u2019int\u00e9r\u00eat d\u2019investisseurs \u00e9trangers?<\/strong><\/p>\n<p>On a constat\u00e9 ces derniers temps que beaucoup d\u2019investisseurs s\u2019int\u00e9ressaient \u00e0 Dakhla, et personnellement j\u2019ai rencontr\u00e9 il y a quelques jours ici \u00e0 Dakhla un Tunisien qui voulait se lancer dans la production de Harissa (pur\u00e9e de piments) dans la r\u00e9gion \u00e0 travers une unit\u00e9 de conditionnement de celle-ci et qui sera destin\u00e9e aux march\u00e9s europ\u00e9ens. D\u2019ailleurs beaucoup d\u2019investisseurs attendent avec impatience le lancement de la station de Dakhla pour passer \u00e0 l\u2019acte.<\/p>\n<p><strong>Comment avance le projet de la premi\u00e8re station de conditionnement dans la r\u00e9gion ?<\/strong><\/p>\n<p>A mon avis durant les prochaines ann\u00e9es, une seule station de conditionnement \u00e0 Dakhla est insuffisante vu les perspectives du d\u00e9veloppement de l\u2019agriculture dans la r\u00e9gion. Celle-ci permettra aux exportateurs de r\u00e9duire leurs d\u00e9penses et ne plus passer par les stations de conditionnement d\u2019Agadir. Alors que la cr\u00e9ation de stations similaires dans la r\u00e9gion contribuera certainement \u00e0 l\u2019am\u00e9lioration de la qualit\u00e9 de nos produits agricoles.<\/p>\n<\/div>\n<p>Auteur: Mohamed Laabid<br \/>\n<a href=\"https:\/\/aujourdhui.ma\/economie\/questions-a-el-ec-cherif-larkem-directeur-regional-de-lagriculture\">Cliquez ici pour lire l&rsquo;article depuis sa source.<\/a><\/p>\n","protected":false},"excerpt":{"rendered":"<p>Date\u00a0:f\u00e9vrier 26, 2021 26Vues Une seule station de condition-nement \u00e0 Dakhla est insuffisante vu les perspectives du d\u00e9veloppement de l\u2019agriculture dans la r\u00e9gion. Celle-ci permettra aux exportateurs de r\u00e9duire leurs d\u00e9penses et ne plus passer par les stations de condition-nement d\u2019Agadir. ALM : Quelles sont les nouveaut\u00e9s du secteur agricole \u00e0 Dakhla? El Ec-Cherif Larkem [&hellip;]<\/p>\n","protected":false},"author":1759,"featured_media":0,"comment_status":"closed","ping_status":"closed","sticky":false,"template":"","format":"standard","meta":{"fifu_image_url":"http:\/\/aujourdhui.ma\/wp-content\/uploads\/2021\/02\/Chrif-Arkam-delegue-agriculture-Dakhla.jpg","fifu_image_alt":"Questions \u00e0 El Ec-Cherif Larkem  Directeur r\u00e9gional de l\u2019agriculture","footnotes":""},"categories":[73,54],"tags":[],"class_list":["post-112065","post","type-post","status-publish","format-standard","hentry","category-actualite","category-maroc"],"_links":{"self":[{"href":"https:\/\/linitiative.ca\/International\/wp-json\/wp\/v2\/posts\/112065","targetHints":{"allow":["GET"]}}],"collection":[{"href":"https:\/\/linitiative.ca\/International\/wp-json\/wp\/v2\/posts"}],"about":[{"href":"https:\/\/linitiative.ca\/International\/wp-json\/wp\/v2\/types\/post"}],"author":[{"embeddable":true,"href":"https:\/\/linitiative.ca\/International\/wp-json\/wp\/v2\/users\/1759"}],"replies":[{"embeddable":true,"href":"https:\/\/linitiative.ca\/International\/wp-json\/wp\/v2\/comments?post=112065"}],"version-history":[{"count":0,"href":"https:\/\/linitiative.ca\/International\/wp-json\/wp\/v2\/posts\/112065\/revisions"}],"wp:attachment":[{"href":"https:\/\/linitiative.ca\/International\/wp-json\/wp\/v2\/media?parent=112065"}],"wp:term":[{"taxonomy":"category","embeddable":true,"href":"https:\/\/linitiative.ca\/International\/wp-json\/wp\/v2\/categories?post=112065"},{"taxonomy":"post_tag","embeddable":true,"href":"https:\/\/linitiative.ca\/International\/wp-json\/wp\/v2\/tags?post=112065"}],"curies":[{"name":"wp","href":"https:\/\/api.w.org\/{rel}","templated":true}]}}