{"id":112066,"date":"2021-02-26T10:33:54","date_gmt":"2021-02-26T15:33:54","guid":{"rendered":"https:\/\/linitiative.ca\/International\/ahmed-baba-amar-dakhla-sera-un-pole-agricole-par-excellence\/"},"modified":"2021-02-26T10:33:54","modified_gmt":"2021-02-26T15:33:54","slug":"ahmed-baba-amar-dakhla-sera-un-pole-agricole-par-excellence","status":"publish","type":"post","link":"https:\/\/linitiative.ca\/International\/ahmed-baba-amar-dakhla-sera-un-pole-agricole-par-excellence\/","title":{"rendered":"Ahmed Baba Amar : \u00abDakhla sera un p\u00f4le agricole  par excellence\u00bb"},"content":{"rendered":"<p><iframe loading=\"lazy\" width=\"536\" height=\"323\" src=\"\/\/www.youtube.com\/embed\/giCrgzNPEnk?\" frameborder=\"0\" allowfullscreen=\"allowfullscreen\">[embedded content]<\/iframe><\/p>\n<p><span class=\"c5\"><strong>Ahmed Baba Amar, pr\u00e9sident de la Chambre d\u2019agriculture de la r\u00e9gion\u00a0Dakhla-Oued Eddahab<\/strong><\/span> <span id=\"more-369477\"\/><\/p>\n<p><strong><span class=\"c6\">ALM\u00a0<\/span>: Comment la Chambre agricole de la r\u00e9gion de Dakhla a-t-elle r\u00e9agi pour att\u00e9nuer les effets de la Covid-19 sur les agriculteurs\u00a0?<\/strong><\/p>\n<p><strong><span class=\"c6\">Ahmed Baba Amar\u00a0<\/span><\/strong>: La pand\u00e9mie inattendue de Covid-19 a totalement chamboul\u00e9 toutes nos strat\u00e9gies et objectifs d\u00e9j\u00e0 fix\u00e9s pour l\u2019ann\u00e9e en cours. Cette contrainte mondiale n\u2019a \u00e9pargn\u00e9 aucun secteur. Mais gr\u00e2ce \u00e0 la politique \u00e9clair\u00e9e de Sa Majest\u00e9 le Roi Mohammed VI on a pu d\u00e9passer cette \u00e9preuve. En tant que Chambre professionnelle on a pris une batterie de mesures pr\u00e9ventives dont des campagnes de sensibilisation et des sorties sur le terrain au niveau des diff\u00e9rentes fermes agricoles.<br \/>Dans ce sens on s\u2019est mobilis\u00e9 depuis le d\u00e9but de cette pand\u00e9mie surtout qu\u2019il s\u2019agit d\u2019un \u00e9v\u00e9nement exceptionnel et ce \u00e0 travers des sessions de formation organis\u00e9es au profit des agriculteurs de la r\u00e9gion. Les r\u00e9percussions de celle-ci ont \u00e9galement touch\u00e9 certaines cat\u00e9gories sociales d\u2019une mani\u00e8re directe, alors on a lanc\u00e9 des op\u00e9rations de solidarit\u00e9 qui ont \u00e9t\u00e9 marqu\u00e9es par la distribution de denr\u00e9e alimentaires et ce avec la participation d\u2019op\u00e9rateurs \u00e9conomiques locaux et d\u2019institutions publiques. La Chambre agricole de Dakhla s\u2019est occup\u00e9e du volet de coordination avec des compagnies agricoles pour att\u00e9nuer les effets de cette crise.<\/p>\n<p><strong>Quelles sont les mesures concr\u00e8tes qui ont \u00e9t\u00e9 prises par votre Chambre pour venir en aide aux agriculteurs\u00a0?<\/strong><\/p>\n<p>La Chambre a organis\u00e9 des op\u00e9rations de soutien directes, des op\u00e9rations de sensibilisation, la distribution de masques et d\u00e9sinfectants et des d\u00e9pliants. Le minist\u00e8re de l\u2019agriculture a \u00e9galement publi\u00e9 le Guide de l\u2019agriculteur pour aider celui-ci \u00e0 mieux r\u00e9agir face \u00e0 la Covid-19. A cela s\u2019ajoute la distribution d\u2019aliments fourragers au profit des petits \u00e9leveurs.<\/p>\n<p><strong>Quel est le secret de ce saut consid\u00e9rable enregistr\u00e9 au niveau agricole dans la r\u00e9gion\u00a0?<\/strong><\/p>\n<p>Il faut souligner que durant les quarante derni\u00e8res ann\u00e9es ce secteur a pu s\u2019imposer comme l\u2019une des plus importantes activit\u00e9s productives dans la r\u00e9gion surtout qu\u2019il a d\u00e9marr\u00e9 presque de z\u00e9ro comme le confirment les chiffres officiels qui font \u00e9tat de 45 mille t\u00eates de dromadaires, plus de 1.000 ha de culture sous serre, ainsi que 37 ha de l\u2019agriculture solidaire.<\/p>\n<p><strong>Comment se d\u00e9roule la saison agricole \u00e0 Dakhla \u00e0 la lumi\u00e8re des derni\u00e8res pr\u00e9cipitations\u00a0?<\/strong><\/p>\n<p>Les provinces du Sud connaissent en g\u00e9n\u00e9ral une s\u00e9cheresse structurelle tout au long de l\u2019ann\u00e9e, et pour faire face \u00e0 cette contrainte, l\u2019Etat a lanc\u00e9 plusieurs strat\u00e9gies pour att\u00e9nuer les effets de ce d\u00e9ficit pluviom\u00e9trique \u00e0 travers la distribution de citernes en plastique, l\u2019\u00e9quipement des puits en panneaux\u00a0solaires\u00a0photovolta\u00efques.<br \/>A cela s\u2019ajoute la distribution d\u2019orge dans le cadre de l\u2019op\u00e9ration initi\u00e9e suite \u00e0 la circulaire conjointe du minist\u00e8re de l\u2019agriculture, de la p\u00eache maritime, du d\u00e9veloppement rural et des eaux et for\u00eats.<\/p>\n<p><strong>Est-ce que la future station de dessalement en projet \u00e0 Dakhla contribuera au d\u00e9veloppement de ce secteur\u00a0?<\/strong><\/p>\n<p>La r\u00e9gion enregistre aujourd\u2019hui de tr\u00e8s belles performances dans le secteur agricole m\u00eame s\u2019il a presque d\u00e9marr\u00e9 de rien et exporte aujourd\u2019hui plus de 87 mille tonnes de produits agricoles d\u2019une grande qualit\u00e9. Le nouveau mod\u00e8le de d\u00e9veloppement des provinces du Sud pr\u00e9voit un grand projet qui permettra l\u2019irrigation de 5 mille ha, et qui fera de la r\u00e9gion un p\u00f4le agricole par excellence en parall\u00e8le avec le projet du port de Dakhla Atlantique qui garantira aux investisseurs d\u2019exporter directement de la ville de Dakhla, contribuera dans la cr\u00e9ation de milliers de postes d\u2019emplois et ouvrira de nouvelles perspectives pour les investisseurs conform\u00e9ment aux Orientations de Sa Majest\u00e9 le Roi qui incitent \u00e0 l\u2019employabilit\u00e9 des jeunes et la cr\u00e9ation d\u2019une classe moyenne agricole. Ce projet sera d\u2019une grande utilit\u00e9 au niveau r\u00e9gional et national.<\/p>\n<p>Auteur: Mohamed Laabid<br \/>\n<a href=\"https:\/\/aujourdhui.ma\/economie\/ahmed-baba-amar-dakhla-sera-un-pole-agricole-par-excellence\">Cliquez ici pour lire l&rsquo;article depuis sa source.<\/a><\/p>\n","protected":false},"excerpt":{"rendered":"<p>[embedded content] Ahmed Baba Amar, pr\u00e9sident de la Chambre d\u2019agriculture de la r\u00e9gion\u00a0Dakhla-Oued Eddahab ALM\u00a0: Comment la Chambre agricole de la r\u00e9gion de Dakhla a-t-elle r\u00e9agi pour att\u00e9nuer les effets de la Covid-19 sur les agriculteurs\u00a0? Ahmed Baba Amar\u00a0: La pand\u00e9mie inattendue de Covid-19 a totalement chamboul\u00e9 toutes nos strat\u00e9gies et objectifs d\u00e9j\u00e0 fix\u00e9s pour [&hellip;]<\/p>\n","protected":false},"author":1759,"featured_media":0,"comment_status":"closed","ping_status":"closed","sticky":false,"template":"","format":"standard","meta":{"fifu_image_url":"","fifu_image_alt":"","footnotes":""},"categories":[73,54],"tags":[],"class_list":["post-112066","post","type-post","status-publish","format-standard","hentry","category-actualite","category-maroc"],"_links":{"self":[{"href":"https:\/\/linitiative.ca\/International\/wp-json\/wp\/v2\/posts\/112066","targetHints":{"allow":["GET"]}}],"collection":[{"href":"https:\/\/linitiative.ca\/International\/wp-json\/wp\/v2\/posts"}],"about":[{"href":"https:\/\/linitiative.ca\/International\/wp-json\/wp\/v2\/types\/post"}],"author":[{"embeddable":true,"href":"https:\/\/linitiative.ca\/International\/wp-json\/wp\/v2\/users\/1759"}],"replies":[{"embeddable":true,"href":"https:\/\/linitiative.ca\/International\/wp-json\/wp\/v2\/comments?post=112066"}],"version-history":[{"count":0,"href":"https:\/\/linitiative.ca\/International\/wp-json\/wp\/v2\/posts\/112066\/revisions"}],"wp:attachment":[{"href":"https:\/\/linitiative.ca\/International\/wp-json\/wp\/v2\/media?parent=112066"}],"wp:term":[{"taxonomy":"category","embeddable":true,"href":"https:\/\/linitiative.ca\/International\/wp-json\/wp\/v2\/categories?post=112066"},{"taxonomy":"post_tag","embeddable":true,"href":"https:\/\/linitiative.ca\/International\/wp-json\/wp\/v2\/tags?post=112066"}],"curies":[{"name":"wp","href":"https:\/\/api.w.org\/{rel}","templated":true}]}}