{"id":112067,"date":"2021-02-26T10:53:23","date_gmt":"2021-02-26T15:53:23","guid":{"rendered":"https:\/\/linitiative.ca\/International\/administration-penitentiaire-reprise-exceptionnelle-des-visites-familiales-au-profit-des-detenus-du-1er-mars-au-12-avril\/"},"modified":"2021-02-26T10:53:23","modified_gmt":"2021-02-26T15:53:23","slug":"administration-penitentiaire-reprise-exceptionnelle-des-visites-familiales-au-profit-des-detenus-du-1er-mars-au-12-avril","status":"publish","type":"post","link":"https:\/\/linitiative.ca\/International\/administration-penitentiaire-reprise-exceptionnelle-des-visites-familiales-au-profit-des-detenus-du-1er-mars-au-12-avril\/","title":{"rendered":"Administration p\u00e9nitentiaire: Reprise exceptionnelle des visites familiales au profit des d\u00e9tenus du 1er mars au 12 avril"},"content":{"rendered":"<figure class=\"post-thumbnail\" itemprop=\"associatedMedia\" itemscope=\"itemscope\" itemtype=\"http:\/\/schema.org\/ImageObject\"><img decoding=\"async\" class=\"post_layout_5_img\" src=\"http:\/\/aujourdhui.ma\/wp-content\/uploads\/2020\/07\/visites-familiales-a\u0300-la-prison-locale-de-Ain-Sbaa.jpg\" alt=\"Administration p\u00e9nitentiaire: Reprise exceptionnelle des visites familiales au profit des d\u00e9tenus du 1er mars au 12 avril\"\/><\/figure>\n<p><span class=\"c5\"><strong>La D\u00e9l\u00e9gation g\u00e9n\u00e9rale \u00e0 l\u2019administration p\u00e9nitentiaire et \u00e0 la r\u00e9insertion (DGAPR) a annonc\u00e9 qu\u2019il a \u00e9t\u00e9 d\u00e9cid\u00e9 d\u2019organiser, de mani\u00e8re exceptionnelle, les visites familiales au profit des prisonniers dans tous les \u00e9tablissements p\u00e9nitentiaires et pendant tous les jours, y compris samedi et dimanche, et ce du 1er mars au 12 avril prochains.<\/strong><\/span><span id=\"more-369612\"\/><\/p>\n<p>La DGAPR a indiqu\u00e9, vendredi dans un communiqu\u00e9, que la visite ne serait autoris\u00e9e qu\u2019une seule fois pendant cette p\u00e9riode au profit de deux visiteurs, membres de familles des prisonniers qui sont autoris\u00e9s \u00e0 les visiter, notant que cette reprise exceptionnelle concerne \u00e9galement les enfants, \u00e0 condition qu\u2019ils soient accompagn\u00e9s d\u2019un membre majeur de la famille du d\u00e9tenu, autoris\u00e9 \u00e0 rendre visite \u00e0 ce dernier.<\/p>\n<p>Cette d\u00e9cision intervient suite au d\u00e9veloppement positif de la situation \u00e9pid\u00e9miologique au niveau de l\u2019ensemble des r\u00e9gions du Royaume, pr\u00e9cise la m\u00eame source, ajoutant que les \u00e9tablissements p\u00e9nitentiaires n\u2019ont pas enregistr\u00e9 durant les quatre derniers mois que quelques cas isol\u00e9s d\u2019infection de nouveaux prisonniers dont la majorit\u00e9 a \u00e9t\u00e9 soumise au protocole de traitement aux h\u00f4pitaux ext\u00e9rieurs qui sont d\u00e9sormais totalement exempt de tout cas de contamination parmi les prisonniers.<\/p>\n<p>La DGAPR a soulign\u00e9 \u00e9galement que cette d\u00e9cision a \u00e9t\u00e9 prise pour pr\u00e9server les liens familiaux et sociaux des prisonniers, notamment avec l\u2019approche du mois de Ramadan et les dimensions spirituelles et humaines de ce mois.<\/p>\n<p>Pour r\u00e9ussir cette op\u00e9ration, a fait savoir la DGAPR, tous les prisonniers seront autoris\u00e9s \u00e0 contacter leurs familles pour les informer des dates fix\u00e9es de visites, notant que certaines seront programm\u00e9es pendant les vacances scolaires et les samedis et les dimanches pour que les d\u00e9tenus b\u00e9n\u00e9ficient de la visite de leurs enfants s\u00e9par\u00e9ment du reste des cat\u00e9gories de visiteurs, dans la limite des possibilit\u00e9s offertes dans chaque \u00e9tablissement p\u00e9nitentiaire.<\/p>\n<p>Afin d\u2019assurer le d\u00e9roulement de cette op\u00e9ration dans de bonnes conditions, permettant \u00e0 tous les prisonniers de b\u00e9n\u00e9ficier de la visite pendant cette p\u00e9riode, la DGAPR appelle tous les visiteurs et d\u00e9tenus \u00e0 respecter les dates pr\u00e9vues pour la visite et les mesures sanitaire et pr\u00e9ventive mises en place dans le cadre de la lutte contre la prolif\u00e9ration de la pand\u00e9mie, notamment le port du masque, la distanciation et la d\u00e9sinfection, conclut le communiqu\u00e9.<\/p>\n<p>Auteur: ALM<br \/>\n<a href=\"https:\/\/aujourdhui.ma\/societe\/administration-penitentiaire-reprise-exceptionnelle-des-visites-familiales-au-profit-des-detenus-du-1er-mars-au-12-avril\">Cliquez ici pour lire l&rsquo;article depuis sa source.<\/a><\/p>\n","protected":false},"excerpt":{"rendered":"<p>La D\u00e9l\u00e9gation g\u00e9n\u00e9rale \u00e0 l\u2019administration p\u00e9nitentiaire et \u00e0 la r\u00e9insertion (DGAPR) a annonc\u00e9 qu\u2019il a \u00e9t\u00e9 d\u00e9cid\u00e9 d\u2019organiser, de mani\u00e8re exceptionnelle, les visites familiales au profit des prisonniers dans tous les \u00e9tablissements p\u00e9nitentiaires et pendant tous les jours, y compris samedi et dimanche, et ce du 1er mars au 12 avril prochains. La DGAPR a [&hellip;]<\/p>\n","protected":false},"author":1759,"featured_media":0,"comment_status":"closed","ping_status":"closed","sticky":false,"template":"","format":"standard","meta":{"fifu_image_url":"http:\/\/aujourdhui.ma\/wp-content\/uploads\/2020\/07\/visites-familiales-a\u0300-la-prison-locale-de-Ain-Sbaa.jpg","fifu_image_alt":"Administration p\u00e9nitentiaire: Reprise exceptionnelle des visites familiales au profit des d\u00e9tenus du 1er mars au 12 avril","footnotes":""},"categories":[73,54],"tags":[],"class_list":["post-112067","post","type-post","status-publish","format-standard","hentry","category-actualite","category-maroc"],"_links":{"self":[{"href":"https:\/\/linitiative.ca\/International\/wp-json\/wp\/v2\/posts\/112067","targetHints":{"allow":["GET"]}}],"collection":[{"href":"https:\/\/linitiative.ca\/International\/wp-json\/wp\/v2\/posts"}],"about":[{"href":"https:\/\/linitiative.ca\/International\/wp-json\/wp\/v2\/types\/post"}],"author":[{"embeddable":true,"href":"https:\/\/linitiative.ca\/International\/wp-json\/wp\/v2\/users\/1759"}],"replies":[{"embeddable":true,"href":"https:\/\/linitiative.ca\/International\/wp-json\/wp\/v2\/comments?post=112067"}],"version-history":[{"count":0,"href":"https:\/\/linitiative.ca\/International\/wp-json\/wp\/v2\/posts\/112067\/revisions"}],"wp:attachment":[{"href":"https:\/\/linitiative.ca\/International\/wp-json\/wp\/v2\/media?parent=112067"}],"wp:term":[{"taxonomy":"category","embeddable":true,"href":"https:\/\/linitiative.ca\/International\/wp-json\/wp\/v2\/categories?post=112067"},{"taxonomy":"post_tag","embeddable":true,"href":"https:\/\/linitiative.ca\/International\/wp-json\/wp\/v2\/tags?post=112067"}],"curies":[{"name":"wp","href":"https:\/\/api.w.org\/{rel}","templated":true}]}}