{"id":112069,"date":"2021-02-26T11:42:56","date_gmt":"2021-02-26T16:42:56","guid":{"rendered":"https:\/\/linitiative.ca\/International\/hcr-jica-un-projet-de-275-000-pour-soutenir-les-refugies-au-maroc-en-contexte-de-covid\/"},"modified":"2021-02-26T11:42:56","modified_gmt":"2021-02-26T16:42:56","slug":"hcr-jica-un-projet-de-275-000-pour-soutenir-les-refugies-au-maroc-en-contexte-de-covid","status":"publish","type":"post","link":"https:\/\/linitiative.ca\/International\/hcr-jica-un-projet-de-275-000-pour-soutenir-les-refugies-au-maroc-en-contexte-de-covid\/","title":{"rendered":"HCR \/ JICA: Un projet de 275.000 $ pour soutenir les r\u00e9fugi\u00e9s au Maroc en contexte de Covid"},"content":{"rendered":"<header>\n<\/header>\n<div class=\"entry-content clearfix\" readability=\"60\">\n<figure class=\"post-thumbnail\" itemprop=\"associatedMedia\" itemscope=\"itemscope\" itemtype=\"http:\/\/schema.org\/ImageObject\"><img decoding=\"async\" class=\"post_layout_5_img\" src=\"http:\/\/aujourdhui.ma\/wp-content\/uploads\/2020\/12\/Le-Maroc-compte-13.118-refugies-et-demandeurs-dasile-a-fin-novembre-2020-D.jpg\" alt=\"HCR \/ JICA: Un projet de 275.000 $ pour soutenir les r\u00e9fugi\u00e9s au Maroc en contexte de Covid\"\/><\/figure>\n<p>Les r\u00e9fugi\u00e9s ne sont pas en reste en ce contexte de pand\u00e9mie. A cet effet, le Haut-Commissariat des Nations Unies pour les R\u00e9fugi\u00e9s (HCR) et l\u2019Agence Japonaise de Coop\u00e9ration Internationale (JICA) viennent de concr\u00e9tiser \u00e0 Rabat la mise en place d\u2019un \u00ab projet d\u2019un montant de \u202a275 000\u202c \u00bb. <span id=\"more-369614\"\/>L\u2019objectif \u00e9tant, selon les deux parties, d\u2019appuyer le programme de r\u00e9ponse du HCR \u00e0 la crise du Covid-19 en faveur des r\u00e9fugi\u00e9s r\u00e9sidant au Maroc qui se chiffrent au 1er f\u00e9vrier 2021 \u00e0 plus de 14 000 personnes, r\u00e9parties sur 75 localit\u00e9s au Maroc et sont enregistr\u00e9es aupr\u00e8s du HCR. \u00ab Ce qui inclue 8 300 r\u00e9fugi\u00e9s et pr\u00e8s de 5700 demandeurs d\u2019asile \u00bb, d\u00e9taille la m\u00eame source. Pour les deux parties, les besoins de protection de cette population vuln\u00e9rable ont \u00e9t\u00e9, suite \u00e0 l\u2019apparition de la pand\u00e9mie en mars 2020, exacerb\u00e9s, impactant \u00e0 la fois leur situation socio-\u00e9conomique, leur capacit\u00e9 \u00e0 subvenir \u00e0 leurs besoins de base, leur \u00e9tat psychique et leur sant\u00e9 mentale. \u00ab D\u00e8s lors, le HCR a continu\u00e9 \u00e0 op\u00e9rer et a d\u00fb rapidement s\u2019adapter \u00e0 ce nouveau contexte tout en respectant les directives et mesures entreprises par le gouvernement marocain pour pouvoir continuer \u00e0 r\u00e9pondre aux besoins croissants de protection et d\u2019assistance de ces populations \u00bb, ajoutent le HCR et la Jica.\u00a0 Et ce n\u2019est pas tout. Parall\u00e8lement, la JICA a \u00e9galement poursuivi ses activit\u00e9s et projets pour soutenir le gouvernement du Maroc \u00e0 lutter contre la pand\u00e9mie, notamment le Pr\u00eat de soutien en r\u00e9ponse \u00e0 la crise de la Covid-19, sign\u00e9 avec le gouvernement du Maroc en d\u00e9cembre 2020.\u00a0 En d\u00e9tail, le projet HCR-JICA, \u00ab qui sera mis en oeuvre de mars \u00e0 septembre 2021, permettra \u00e0 la fois d\u2019assister les r\u00e9fugi\u00e9s d\u2019un point de vue m\u00e9dical, notamment dans le cadre de la pr\u00e9vention et de la sensibilisation au Covid-19 mais \u00e9galement de soutenir les porteurs de projets dont les activit\u00e9s g\u00e9n\u00e9ratrices de revenus ont \u00e9t\u00e9 s\u00e9v\u00e8rement affect\u00e9es \u00bb. Selon la m\u00eame source, la mise en oeuvre de ce projet se fera en \u00e9troite collaboration avec les partenaires de mise en oeuvre du HCR \u00e0 savoir l\u2019Association Marocaine de la Planification Familiale (AMPF) pour le volet m\u00e9dical et l\u2019Association Marocaine d\u2019Appui \u00e0 la Promotion de la Petite Entreprise (AMAPPE) pour l\u2019autonomisation des r\u00e9fugi\u00e9s \u00e0 travers l\u2019auto-emploi. Ce qui permettra ainsi une meilleure int\u00e9gration locale dans leur pays d\u2019accueil.\u00a0 Pour rappel, l\u2019appui de la JICA aux programmes du HCR s\u2019inscrit dans l\u2019esprit de la Strat\u00e9gie Nationale d\u2019Immigration et d\u2019Asile (SNIA) et dans l\u2019approche multipartite du Pacte Mondial sur les R\u00e9fugi\u00e9s. Ce projet renforcera \u00e9galement l\u2019engagement de la JICA \u00e0 lutter contre les disparit\u00e9s au Maroc et \u00e0 soutenir les populations vuln\u00e9rables, en particulier durant cette situation de pand\u00e9mie. \u00ab Ce partenariat JICA-HCR est d\u2019autant plus important, puisqu\u2019il symbolise le d\u00e9but d\u2019un partenariat entre les deux agences qui s\u2019inscrira dans la dur\u00e9e \u00bb, concluent les deux parties.<\/p>\n<\/div>\n<p>Auteur: ALM<br \/>\n<a href=\"https:\/\/aujourdhui.ma\/actualite\/hcr-jica-un-projet-de-275-000-pour-soutenir-les-refugies-au-maroc-en-contexte-de-covid\">Cliquez ici pour lire l&rsquo;article depuis sa source.<\/a><\/p>\n","protected":false},"excerpt":{"rendered":"<p>Les r\u00e9fugi\u00e9s ne sont pas en reste en ce contexte de pand\u00e9mie. A cet effet, le Haut-Commissariat des Nations Unies pour les R\u00e9fugi\u00e9s (HCR) et l\u2019Agence Japonaise de Coop\u00e9ration Internationale (JICA) viennent de concr\u00e9tiser \u00e0 Rabat la mise en place d\u2019un \u00ab projet d\u2019un montant de \u202a275 000\u202c \u00bb. L\u2019objectif \u00e9tant, selon les deux parties, [&hellip;]<\/p>\n","protected":false},"author":1759,"featured_media":0,"comment_status":"closed","ping_status":"closed","sticky":false,"template":"","format":"standard","meta":{"fifu_image_url":"http:\/\/aujourdhui.ma\/wp-content\/uploads\/2020\/12\/Le-Maroc-compte-13.118-refugies-et-demandeurs-dasile-a-fin-novembre-2020-D.jpg","fifu_image_alt":"HCR \/ JICA: Un projet de 275.000 $ pour soutenir les r\u00e9fugi\u00e9s au Maroc en contexte de Covid","footnotes":""},"categories":[73,54],"tags":[],"class_list":["post-112069","post","type-post","status-publish","format-standard","hentry","category-actualite","category-maroc"],"_links":{"self":[{"href":"https:\/\/linitiative.ca\/International\/wp-json\/wp\/v2\/posts\/112069","targetHints":{"allow":["GET"]}}],"collection":[{"href":"https:\/\/linitiative.ca\/International\/wp-json\/wp\/v2\/posts"}],"about":[{"href":"https:\/\/linitiative.ca\/International\/wp-json\/wp\/v2\/types\/post"}],"author":[{"embeddable":true,"href":"https:\/\/linitiative.ca\/International\/wp-json\/wp\/v2\/users\/1759"}],"replies":[{"embeddable":true,"href":"https:\/\/linitiative.ca\/International\/wp-json\/wp\/v2\/comments?post=112069"}],"version-history":[{"count":0,"href":"https:\/\/linitiative.ca\/International\/wp-json\/wp\/v2\/posts\/112069\/revisions"}],"wp:attachment":[{"href":"https:\/\/linitiative.ca\/International\/wp-json\/wp\/v2\/media?parent=112069"}],"wp:term":[{"taxonomy":"category","embeddable":true,"href":"https:\/\/linitiative.ca\/International\/wp-json\/wp\/v2\/categories?post=112069"},{"taxonomy":"post_tag","embeddable":true,"href":"https:\/\/linitiative.ca\/International\/wp-json\/wp\/v2\/tags?post=112069"}],"curies":[{"name":"wp","href":"https:\/\/api.w.org\/{rel}","templated":true}]}}