{"id":112072,"date":"2021-02-26T05:50:19","date_gmt":"2021-02-26T10:50:19","guid":{"rendered":"https:\/\/linitiative.ca\/International\/enfin-le-degel-entre-le-president-et-son-chef-du-gouvernement\/"},"modified":"2021-02-26T05:50:19","modified_gmt":"2021-02-26T10:50:19","slug":"enfin-le-degel-entre-le-president-et-son-chef-du-gouvernement","status":"publish","type":"post","link":"https:\/\/linitiative.ca\/International\/enfin-le-degel-entre-le-president-et-son-chef-du-gouvernement\/","title":{"rendered":"Enfin le d\u00e9gel entre le Pr\u00e9sident et son chef du Gouvernement ?"},"content":{"rendered":"<div class=\"td-post-content\">\n<h2>Il aura fallu un coup de fil de la part de Hichem Mechichi au pr\u00e9sident de la R\u00e9publique pour le f\u00e9liciter d\u2019avoir obtenu le report de l\u2019ex\u00e9cution d\u2019un citoyen tunisien au Qatar, pour que les deux hommes reprennent le chemin du dialogue. Avec, \u00e0 la cl\u00e9, une probable rencontre au d\u00e9but de la semaine prochaine. Il \u00e9tait temps.<\/h2>\n<p>Enfin, une lueur d\u2019espoir au bout du tunnel. Tout porte \u00e0 croire que les deux hommes, qui ne se sont pas parl\u00e9 de vive voix depuis presque un mois, vont reprendre le chemin du dialogue. Ainsi, le pr\u00e9sident de la R\u00e9publique et son chef du gouvernement devrait se rapprocher.<\/p>\n<p>En effet, selon\u00a0<em>Mosa\u00efque FM<\/em>, une radio locale g\u00e9n\u00e9ralement bien inform\u00e9e, une rencontre entre le pr\u00e9sident de la R\u00e9publique, Ka\u00efs Sa\u00efed et son chef du gouvernement, Hichem Mechichi, pourrait avoir lieu. Et ce, au d\u00e9but de la semaine prochaine, pr\u00e9cis\u00e9ment lundi prochain.<\/p>\n<h3>Des d\u00e9fis insurmontables entre le Pr\u00e9sident et H. Mechichi<\/h3>\n<p>Au cours de cette rencontre tant attendue et esp\u00e9r\u00e9e, afin de faire sortir le pays de la crise \u00e9touffante qui l\u2019engloutit, toutes les questions majeures seront sur la table. Notamment le d\u00e9blocage du long feuilleton du remaniement minist\u00e9riel. De m\u00eame que l\u2019initiative de la centrale syndicale sur le Dialogue national, sous l\u2019\u00e9gide de la pr\u00e9sidence de la R\u00e9publique. Mais surtout, le sauvetage de ce qui reste des meubles. Et ce, suite \u00e0 la terrible d\u00e9gradation par Moody\u2019s de la note souveraine de la Tunisie \u00e0 B3 avec perspective n\u00e9gative. Un coup de massue!<\/p>\n<h3>Gestes d\u2019apaisement<\/h3>\n<p>Les locataires du palais de Carthage et de la Kasbah ont-ils enfin pris conscience de la gravit\u00e9 de la situation? Ont-ils r\u00e9ussi \u00e0 surmonter leur \u00e9go surdimensionn\u00e9? En d\u00e9cidant enfin de \u00a0tourner la page d\u2019un litige, certes politique, institutionnel, constitutionnel mais \u00e9galement personnel? L\u2019avenir nous le dira.<\/p>\n<p>Cependant, avouons quand m\u00eame que dans cette gu\u00e9guerre qui a trop dur\u00e9, Hichem M\u00e9chichi, coinc\u00e9 litt\u00e9ralement entre Carthage et Montplaisir, faisait tout pour \u00e9viter un passage en force dans l\u2019affaire de la prestation de serment des nouveaux ministres. Laquelle fut boycott\u00e9e par l\u2019ombrageux Pr\u00e9sident. Ainsi, le locataire du palais de la Kasbah a multipli\u00e9 les appels du pied et les gestes d\u2019apaisement. Face \u00e0 un homme aux convictions in\u00e9branlables, ferme dans ses positions et droit dans ses bottes.<\/p>\n<h3>Le d\u00e9clic<\/h3>\n<p>Fort heureusement, il aura suffi d\u2019un petit geste pour que la glace fonde. Comme quoi, les petits d\u00e9tails anodins peuvent changer le cours de l\u2019Histoire.<\/p>\n<p>Car, il a fallu un entretien t\u00e9l\u00e9phonique, hier jeudi, entre le chef de l\u2019Etat et Hichem Mechichi pour que ce \u00ab miracle \u00bb se r\u00e9alise.<\/p>\n<p>En effet, Mechichi a caress\u00e9 Ka\u00efs Sa\u00efed \u00a0dans le sens du poil pour avoir obtenu le report de l\u2019ex\u00e9cution d\u2019un citoyen tunisien au Qatar. En, \u00ab saluant \u00a0ses efforts continus pour prot\u00e9ger les int\u00e9r\u00eats des Tunisiens, \u00e0 l\u2019int\u00e9rieur et \u00e0 l\u2019ext\u00e9rieur du pays \u00bb. Et en mettant \u00e9galement en exergue \u00ab sa d\u00e9fense de principe du droit sacr\u00e9 \u00e0 la vie \u00bb.<\/p>\n<p>Effectivement, rappelons que la Pr\u00e9sidence de la R\u00e9publique annon\u00e7ait, dans la soir\u00e9e de mercredi dernier, que l<strong>\u2019<a href=\"https:\/\/www.leconomistemaghrebin.com\/2021\/02\/24\/report-lexecution-fakhri-landolsi-suite-lintervention-kais-saied\/\" target=\"_blank\" rel=\"noopener noreferrer\">Emir du Qatar,\u00a0<\/a><\/strong>Cheikh Tamim bin Hamad Al Thani, avait r\u00e9pondu favorablement \u00e0 l\u2019appel du chef d\u2019Etat, Ka\u00efs Sa\u00efed. Et ce, quant \u00e0 l\u2019annulation de la condamnation \u00e0 mort du citoyen tunisien\u00a0<strong>Fakhri Landolsi<\/strong>.<\/p>\n<p>En v\u00e9rit\u00e9, il ne s\u2019agit pas d\u2019une \u00ab annulation \u00bb, mais du report de l\u2019ex\u00e9cution du Tunisien. Laquelle devait avoir lieu jeudi 25 f\u00e9vrier 2021 et a \u00e9t\u00e9 report\u00e9e au 1er mai 2021. Avec un \u00e9ventuel remplacement de la peine de mort par une autre sanction. Nuance.<\/p>\n<p>Sachant que Fakhri Landolsi, 26 ans, est accus\u00e9 d\u2019all\u00e9geance \u00e0 l\u2019organisation terroriste Daech. Et d\u2019avoir particip\u00e9 \u00e0 des op\u00e9rations ayant notamment co\u00fbt\u00e9 la vie \u00e0 un soldat qatari d\u2019origine somalienne en 2017. Des accusations qu\u2019il a toujours farouchement rejet\u00e9es.<\/p>\n<p>Enfin, notons que de nombreuses personnalit\u00e9s sont intervenues aupr\u00e8s des autorit\u00e9s qataries pour plaider un report de peine. Parmi lesquelles figurent: l\u2019ancien pr\u00e9sident Moncef Marzouki; le pr\u00e9sident de l\u2019ARP, Rached Ghannouchi; l\u2019ancien ministre des Affaires Etrang\u00e8res Rafik Abdessalem; et l\u2019ambassadeur du Qatar \u00e0 Tunis.<\/p>\n<\/div>\n<footer>\n<div class=\"td-post-source-tags\">\n<ul class=\"td-tags td-post-small-box clearfix\">\n<li>leconomistemaghrebin<\/li>\n<\/ul>\n<\/div>\n<\/footer>\n<div class=\"wp-post-author-wrap wp-post-author-shortcode left\">\n<h3 class=\"awpa-title\"\/>\n<div class=\"wp-post-author\">\n<div class=\"awpa-img awpa-author-block square\"><a href=\"http:\/\/lexpertjournal.net\/fr\/?author=5\"><img loading=\"lazy\" decoding=\"async\" alt=\"\" src=\"http:\/\/0.gravatar.com\/avatar\/97f8e10a1c1125ba104a76514ee07b16?s=150&amp;d=mm&amp;r=g\" srcset=\"http:\/\/0.gravatar.com\/avatar\/97f8e10a1c1125ba104a76514ee07b16?s=300&amp;d=mm&amp;r=g 2x\" class=\"avatar avatar-150 photo\" height=\"150\" width=\"150\"\/><\/a><\/div>\n<\/div>\n<\/div>\n<aside class=\"mashsb-container mashsb-main mashsb-stretched\">\n<\/aside>\n<p>Auteur: L&rsquo;expert<br \/>\n<a href=\"http:\/\/lexpertjournal.net\/fr\/?p=18883\">Cliquez ici pour lire l&rsquo;article depuis sa source.<\/a><\/p>\n","protected":false},"excerpt":{"rendered":"<p>Il aura fallu un coup de fil de la part de Hichem Mechichi au pr\u00e9sident de la R\u00e9publique pour le f\u00e9liciter d\u2019avoir obtenu le report de l\u2019ex\u00e9cution d\u2019un citoyen tunisien au Qatar, pour que les deux hommes reprennent le chemin du dialogue. Avec, \u00e0 la cl\u00e9, une probable rencontre au d\u00e9but de la semaine prochaine. [&hellip;]<\/p>\n","protected":false},"author":1775,"featured_media":0,"comment_status":"closed","ping_status":"closed","sticky":false,"template":"","format":"standard","meta":{"fifu_image_url":"http:\/\/0.gravatar.com\/avatar\/97f8e10a1c1125ba104a76514ee07b16?s=150&d=mm&r=g","fifu_image_alt":"Enfin le d\u00e9gel entre le Pr\u00e9sident et son chef du Gouvernement ?","footnotes":""},"categories":[78,55],"tags":[],"class_list":["post-112072","post","type-post","status-publish","format-standard","hentry","category-economie","category-tunisie"],"_links":{"self":[{"href":"https:\/\/linitiative.ca\/International\/wp-json\/wp\/v2\/posts\/112072","targetHints":{"allow":["GET"]}}],"collection":[{"href":"https:\/\/linitiative.ca\/International\/wp-json\/wp\/v2\/posts"}],"about":[{"href":"https:\/\/linitiative.ca\/International\/wp-json\/wp\/v2\/types\/post"}],"author":[{"embeddable":true,"href":"https:\/\/linitiative.ca\/International\/wp-json\/wp\/v2\/users\/1775"}],"replies":[{"embeddable":true,"href":"https:\/\/linitiative.ca\/International\/wp-json\/wp\/v2\/comments?post=112072"}],"version-history":[{"count":0,"href":"https:\/\/linitiative.ca\/International\/wp-json\/wp\/v2\/posts\/112072\/revisions"}],"wp:attachment":[{"href":"https:\/\/linitiative.ca\/International\/wp-json\/wp\/v2\/media?parent=112072"}],"wp:term":[{"taxonomy":"category","embeddable":true,"href":"https:\/\/linitiative.ca\/International\/wp-json\/wp\/v2\/categories?post=112072"},{"taxonomy":"post_tag","embeddable":true,"href":"https:\/\/linitiative.ca\/International\/wp-json\/wp\/v2\/tags?post=112072"}],"curies":[{"name":"wp","href":"https:\/\/api.w.org\/{rel}","templated":true}]}}