{"id":112074,"date":"2021-02-26T06:23:32","date_gmt":"2021-02-26T11:23:32","guid":{"rendered":"https:\/\/linitiative.ca\/International\/la-conect-international-condamne-la-greve-douaniere\/"},"modified":"2021-02-26T06:23:32","modified_gmt":"2021-02-26T11:23:32","slug":"la-conect-international-condamne-la-greve-douaniere","status":"publish","type":"post","link":"https:\/\/linitiative.ca\/International\/la-conect-international-condamne-la-greve-douaniere\/","title":{"rendered":"La CONECT International condamne la gr\u00e8ve douani\u00e8re"},"content":{"rendered":"<div class=\"td-post-content\">\n<h2>La CONECT International a condamn\u00e9 jeudi la gr\u00e8ve des agents de la douane des directions et bureaux r\u00e9gionaux, a\u00e9roports; ainsi que des points de transit frontaliers. Notons que cette gr\u00e8ve s\u2019\u00e9talera du jeudi 25 f\u00e9vrier 2021 au 03 mars 2021; et ce, de 08h \u00e0 16h tous les jours.<\/h2>\n<p>La CONECT International a r\u00e9affirm\u00e9 le droit aux revendications l\u00e9gitimes. Elle a aussi attir\u00e9 l\u2019attention sur les r\u00e9percussions n\u00e9gatives de la tenue de cette gr\u00e8ve sur les\u00a0<a href=\"http:\/\/www.leconomistemaghrebin.com\/2020\/10\/22\/net-repli-des-echanges-commerciaux-de-la-tunisie-aux-prix-constants\/\" target=\"_blank\" rel=\"noopener noreferrer\">\u00e9changes commerciaux<\/a>. Et sur le plan \u00e9conomique, d\u00e9j\u00e0 impact\u00e9 par la situation actuelle que traverse le pays.<\/p>\n<p>De ce fait, l\u2019organisation a rappel\u00e9, dans ce contexte, le dernier indicateur alarmant. A savoir: la d\u00e9gradation de la\u00a0<a href=\"http:\/\/www.leconomistemaghrebin.com\/2021\/02\/23\/moodys-degrade-note-souveraine-tunisie-b3\/\" target=\"_blank\" rel=\"noopener noreferrer\">notation souveraine de la Tunisie<\/a>\u00a0par l\u2019agence de notation Moody\u2019s \u00e0 B3 avec perspective n\u00e9gative.<\/p>\n<p>Par ailleurs, \u00ab\u00a0les entreprises op\u00e9rant au niveau de l\u2019international sont d\u00e9j\u00e0 dans une situation critique. Celle-ci sera aggrav\u00e9e par cette gr\u00e8ve\u00a0\u00bb. C\u2019est ce qu\u2019ajoute la CONECT International<\/p>\n<p><a href=\"https:\/\/www.facebook.com\/conectinternational.tn\" target=\"_blank\" rel=\"noopener noreferrer\">L\u2019organisation patronale<\/a>\u00a0a, en outre, appel\u00e9 \u00e0 la suspension de la gr\u00e8ve. De m\u00eame, elle appelle \u00e9galement \u00e0 la r\u00e9solution de la crise par d\u2019autres moyens. Et ce pour ne pas mettre en p\u00e9ril la p\u00e9rennit\u00e9 des entreprises importatrices et exportatrices, ainsi que le tissu \u00e9conomique.<\/p>\n<\/div>\n<footer>\n<div class=\"td-post-source-tags\">\n<ul class=\"td-tags td-post-small-box clearfix\">\n<li><strong>leconomistemaghrebin<\/strong><\/li>\n<\/ul>\n<\/div>\n<\/footer>\n<div class=\"wp-post-author-wrap wp-post-author-shortcode left\">\n<h3 class=\"awpa-title\"\/>\n<div class=\"wp-post-author\">\n<div class=\"awpa-img awpa-author-block square\"><a href=\"http:\/\/lexpertjournal.net\/fr\/?author=5\"><img loading=\"lazy\" decoding=\"async\" alt=\"\" src=\"http:\/\/0.gravatar.com\/avatar\/97f8e10a1c1125ba104a76514ee07b16?s=150&amp;d=mm&amp;r=g\" srcset=\"http:\/\/0.gravatar.com\/avatar\/97f8e10a1c1125ba104a76514ee07b16?s=300&amp;d=mm&amp;r=g 2x\" class=\"avatar avatar-150 photo\" height=\"150\" width=\"150\"\/><\/a><\/div>\n<\/div>\n<\/div>\n<aside class=\"mashsb-container mashsb-main mashsb-stretched\">\n<\/aside>\n<p>Auteur: L&rsquo;expert<br \/>\n<a href=\"http:\/\/lexpertjournal.net\/fr\/?p=18889\">Cliquez ici pour lire l&rsquo;article depuis sa source.<\/a><\/p>\n","protected":false},"excerpt":{"rendered":"<p>La CONECT International a condamn\u00e9 jeudi la gr\u00e8ve des agents de la douane des directions et bureaux r\u00e9gionaux, a\u00e9roports; ainsi que des points de transit frontaliers. Notons que cette gr\u00e8ve s\u2019\u00e9talera du jeudi 25 f\u00e9vrier 2021 au 03 mars 2021; et ce, de 08h \u00e0 16h tous les jours. La CONECT International a r\u00e9affirm\u00e9 le [&hellip;]<\/p>\n","protected":false},"author":1775,"featured_media":0,"comment_status":"closed","ping_status":"closed","sticky":false,"template":"","format":"standard","meta":{"fifu_image_url":"http:\/\/0.gravatar.com\/avatar\/97f8e10a1c1125ba104a76514ee07b16?s=150&d=mm&r=g","fifu_image_alt":"La CONECT International condamne la gr\u00e8ve douani\u00e8re","footnotes":""},"categories":[78,55],"tags":[],"class_list":["post-112074","post","type-post","status-publish","format-standard","hentry","category-economie","category-tunisie"],"_links":{"self":[{"href":"https:\/\/linitiative.ca\/International\/wp-json\/wp\/v2\/posts\/112074","targetHints":{"allow":["GET"]}}],"collection":[{"href":"https:\/\/linitiative.ca\/International\/wp-json\/wp\/v2\/posts"}],"about":[{"href":"https:\/\/linitiative.ca\/International\/wp-json\/wp\/v2\/types\/post"}],"author":[{"embeddable":true,"href":"https:\/\/linitiative.ca\/International\/wp-json\/wp\/v2\/users\/1775"}],"replies":[{"embeddable":true,"href":"https:\/\/linitiative.ca\/International\/wp-json\/wp\/v2\/comments?post=112074"}],"version-history":[{"count":0,"href":"https:\/\/linitiative.ca\/International\/wp-json\/wp\/v2\/posts\/112074\/revisions"}],"wp:attachment":[{"href":"https:\/\/linitiative.ca\/International\/wp-json\/wp\/v2\/media?parent=112074"}],"wp:term":[{"taxonomy":"category","embeddable":true,"href":"https:\/\/linitiative.ca\/International\/wp-json\/wp\/v2\/categories?post=112074"},{"taxonomy":"post_tag","embeddable":true,"href":"https:\/\/linitiative.ca\/International\/wp-json\/wp\/v2\/tags?post=112074"}],"curies":[{"name":"wp","href":"https:\/\/api.w.org\/{rel}","templated":true}]}}