{"id":112075,"date":"2021-02-26T12:00:00","date_gmt":"2021-02-26T17:00:00","guid":{"rendered":"https:\/\/linitiative.ca\/International\/video-des-milliers-de-manifestants-dans-les-rues-dalger\/"},"modified":"2021-02-26T12:00:00","modified_gmt":"2021-02-26T17:00:00","slug":"video-des-milliers-de-manifestants-dans-les-rues-dalger","status":"publish","type":"post","link":"https:\/\/linitiative.ca\/International\/video-des-milliers-de-manifestants-dans-les-rues-dalger\/","title":{"rendered":"[Vid\u00e9o] Des milliers de manifestants dans Les rues d&rsquo;Alger"},"content":{"rendered":"<div id=\"originalText\" readability=\"59\">\n<p>Des milliers de manifestants ont battu le pav\u00e9 d\u2019Alger, ce vendredi 26 f\u00e9vrier 2021, apr\u00e8s presque une ann\u00e9e de suspension des marches, en raison de la pand\u00e9mie du Covid-19.<\/p>\n<p>Pour un premier vendredi depuis la reprise lundi dernier des manifestations, les alg\u00e9rois ont \u00e9t\u00e9 nombreux \u00e0 investir les ruelles du centre de la capitale, peu avant 14h, pour r\u00e9clamer le d\u00e9part du syst\u00e8me.<\/p>\n<p>Le dispositif s\u00e9curitaire mobilis\u00e9 \u00e0 l\u2019occasion \u00e9tait moins important que d\u2019ordinaire et peu d\u2019interpellations ont \u00e9t\u00e9 enregistr\u00e9es dans la matin\u00e9e.<\/p>\n<p>Au\u00a0 d\u00e9but de la marche, la police a tent\u00e9, cependant, d\u2019emp\u00eacher la foule rassembl\u00e9e au niveau de Khelifa Boukhalfa de rejoindre la rue Didouche Mourad, ce qui a provoqu\u00e9 des \u00e9chauffour\u00e9es et les forces de l\u2019ordre ont us\u00e9 de la bombe lacrymog\u00e8ne pour repousser les manifestants. Mais en vain. La foule a r\u00e9ussi finalement \u00e0 briser le cordon s\u00e9curitaire pour se diriger vers la Grande Poste o\u00f9 une vague impressionnante de manifestants arrivait en m\u00eame temps de la Casbah et Bab El Oued, scandant \u00ab\u00a0Etat civil et non militaire\u00a0\u00bb , \u00ab\u00a0Ind\u00e9pendance\u00a0\u00bb\u2026<\/p>\n<p>Ce n&rsquo;est que vers 16h30 que les manifestants commen\u00e7aient \u00e0 se disperser dans le calme.\u00a0<\/p>\n<p><iframe loading=\"lazy\" allow=\"accelerometer; autoplay; clipboard-write; encrypted-media; gyroscope; picture-in-picture\" allowfullscreen=\"allowfullscreen\" frameborder=\"0\" height=\"315\" src=\"https:\/\/www.youtube.com\/embed\/JY7kcdXvBnA\" width=\"560\">[embedded content]<\/iframe><\/p>\n<p class=\"c6\"><strong>R\u00e9daction Web<\/strong><\/p>\n<\/div>\n<div id=\"text_core\" readability=\"59\">\n<p>Des milliers de manifestants ont battu le pav\u00e9 d\u2019Alger, ce vendredi 26 f\u00e9vrier 2021, apr\u00e8s presque une ann\u00e9e de suspension des marches, en raison de la pand\u00e9mie du Covid-19.<\/p>\n<p>Pour un premier vendredi depuis la reprise lundi dernier des manifestations, les alg\u00e9rois ont \u00e9t\u00e9 nombreux \u00e0 investir les ruelles du centre de la capitale, peu avant 14h, pour r\u00e9clamer le d\u00e9part du syst\u00e8me.<\/p>\n<p>Le dispositif s\u00e9curitaire mobilis\u00e9 \u00e0 l\u2019occasion \u00e9tait moins important que d\u2019ordinaire et peu d\u2019interpellations ont \u00e9t\u00e9 enregistr\u00e9es dans la matin\u00e9e.<\/p>\n<p>Au\u00a0 d\u00e9but de la marche, la police a tent\u00e9, cependant, d\u2019emp\u00eacher la foule rassembl\u00e9e au niveau de Khelifa Boukhalfa de rejoindre la rue Didouche Mourad, ce qui a provoqu\u00e9 des \u00e9chauffour\u00e9es et les forces de l\u2019ordre ont us\u00e9 de la bombe lacrymog\u00e8ne pour repousser les manifestants. Mais en vain. La foule a r\u00e9ussi finalement \u00e0 briser le cordon s\u00e9curitaire pour se diriger vers la Grande Poste o\u00f9 une vague impressionnante de manifestants arrivait en m\u00eame temps de la Casbah et Bab El Oued, scandant \u00ab\u00a0Etat civil et non militaire\u00a0\u00bb , \u00ab\u00a0Ind\u00e9pendance\u00a0\u00bb\u2026<\/p>\n<p>Ce n&rsquo;est que vers 16h30 que les manifestants commen\u00e7aient \u00e0 se disperser dans le calme.\u00a0<\/p>\n<p><iframe loading=\"lazy\" allow=\"accelerometer; autoplay; clipboard-write; encrypted-media; gyroscope; picture-in-picture\" allowfullscreen=\"allowfullscreen\" frameborder=\"0\" height=\"315\" src=\"https:\/\/www.youtube.com\/embed\/JY7kcdXvBnA\" width=\"560\">[embedded content]<\/iframe><\/p>\n<p class=\"c6\"><strong>R\u00e9daction Web<\/strong><\/p>\n<\/div>\n<p>Auteur:<br \/>\n<a href=\"https:\/\/www.liberte-algerie.com\/actualite\/video-des-milliers-de-manifestants-dans-les-rues-dalger-354673\">Cliquez ici pour lire l&rsquo;article depuis sa source.<\/a><\/p>\n","protected":false},"excerpt":{"rendered":"<p>Des milliers de manifestants ont battu le pav\u00e9 d\u2019Alger, ce vendredi 26 f\u00e9vrier 2021, apr\u00e8s presque une ann\u00e9e de suspension des marches, en raison de la pand\u00e9mie du Covid-19. Pour un premier vendredi depuis la reprise lundi dernier des manifestations, les alg\u00e9rois ont \u00e9t\u00e9 nombreux \u00e0 investir les ruelles du centre de la capitale, peu [&hellip;]<\/p>\n","protected":false},"author":1742,"featured_media":0,"comment_status":"closed","ping_status":"closed","sticky":false,"template":"","format":"standard","meta":{"fifu_image_url":"","fifu_image_alt":"","footnotes":""},"categories":[73,53],"tags":[],"class_list":["post-112075","post","type-post","status-publish","format-standard","hentry","category-actualite","category-algerie"],"_links":{"self":[{"href":"https:\/\/linitiative.ca\/International\/wp-json\/wp\/v2\/posts\/112075","targetHints":{"allow":["GET"]}}],"collection":[{"href":"https:\/\/linitiative.ca\/International\/wp-json\/wp\/v2\/posts"}],"about":[{"href":"https:\/\/linitiative.ca\/International\/wp-json\/wp\/v2\/types\/post"}],"author":[{"embeddable":true,"href":"https:\/\/linitiative.ca\/International\/wp-json\/wp\/v2\/users\/1742"}],"replies":[{"embeddable":true,"href":"https:\/\/linitiative.ca\/International\/wp-json\/wp\/v2\/comments?post=112075"}],"version-history":[{"count":0,"href":"https:\/\/linitiative.ca\/International\/wp-json\/wp\/v2\/posts\/112075\/revisions"}],"wp:attachment":[{"href":"https:\/\/linitiative.ca\/International\/wp-json\/wp\/v2\/media?parent=112075"}],"wp:term":[{"taxonomy":"category","embeddable":true,"href":"https:\/\/linitiative.ca\/International\/wp-json\/wp\/v2\/categories?post=112075"},{"taxonomy":"post_tag","embeddable":true,"href":"https:\/\/linitiative.ca\/International\/wp-json\/wp\/v2\/tags?post=112075"}],"curies":[{"name":"wp","href":"https:\/\/api.w.org\/{rel}","templated":true}]}}