{"id":112076,"date":"2021-02-25T15:50:25","date_gmt":"2021-02-25T20:50:25","guid":{"rendered":"https:\/\/linitiative.ca\/International\/le-maroc-champion-dafrique-en-vaccination-magazine-allemand\/"},"modified":"2021-02-25T15:50:25","modified_gmt":"2021-02-25T20:50:25","slug":"le-maroc-champion-dafrique-en-vaccination-magazine-allemand","status":"publish","type":"post","link":"https:\/\/linitiative.ca\/International\/le-maroc-champion-dafrique-en-vaccination-magazine-allemand\/","title":{"rendered":"Le Maroc, champion d\u2019Afrique en vaccination (magazine allemand)"},"content":{"rendered":"<div readability=\"39\">\n<p>En un seul clic sur leurs t\u00e9l\u00e9phones, les Marocains re\u00e7oivent, quelques secondes plus tard, la r\u00e9ponse \u00e0 leurs SMS pour se rendre \u00e0 un centre m\u00e9dical de proximit\u00e9 afin de recevoir leur dose de vaccin contre le Covid-19. Le Royaume a d\u00e9pass\u00e9 l\u2019Allemagne en terme de vaccination, chapeaute le magazine allemand Welt.<\/p>\n<\/div>\n<div readability=\"96\">\n<p>Alors que l\u2019Europe est en \u00e9tat d\u2019urgence, la vie au Maroc est presque comme avant. Qu\u2019est-ce qui se cache derri\u00e8re ce succ\u00e8s ? s\u2019interroge le magazine allemand dans un reportage sur la success story marocaine dans la gestion de la pand\u00e9mie, notamment l\u2019op\u00e9ration de vaccination.<\/p>\n<p>La campagne de vaccination au Maroc conna\u00eet un grand succ\u00e8s en termes d\u2019organisation et de participation citoyenne. Jusqu\u2019\u00e0 pr\u00e9sent, 2,5 millions de Marocains ont re\u00e7u leurs premi\u00e8res vaccinations dans 2.888 centres, \u00e9crit l\u2019auteur de l\u2019article, pr\u00e9cisant que plus de 100.000 personnes sont vaccin\u00e9es chaque jour.<\/p>\n<p>Les enseignants, les m\u00e9decins, les infirmiers, les \u00e9l\u00e9ments des forces de l\u2019ordre et les citoyens de plus de 65 ans ont tous b\u00e9n\u00e9fici\u00e9 de cette op\u00e9ration, selon Welt, rappelant que l\u2019objectif est de vacciner 80% de la population adulte, soit environ 25 millions de personnes.<\/p>\n<p>Alors que l\u2019Allemagne et d\u2019autres pays europ\u00e9ens trainent, le Maroc est sur la bonne voie pour sortir de la crise sanitaire. Ainsi, si la moyenne allemande sur 7 jours est actuellement de 126.806 premi\u00e8res et deuxi\u00e8mes vaccination par jour, le Maroc a administr\u00e9 en moyenne 173.920 doses par jour la semaine derni\u00e8re, fait observer le magazine allemand.<\/p>\n<p>Aujourd\u2019hui, le Maroc est en longueur d\u2019avance par rapport \u00e0 l\u2019Europe, affirme Welt, notant que le Royaume a mieux g\u00e9r\u00e9 la pand\u00e9mie que ses voisins europ\u00e9ens.<\/p>\n<p>Depuis le d\u00e9but de la pand\u00e9mie et l\u2019apparition des premiers cas, le Maroc a adopt\u00e9 une strat\u00e9gie proactive proc\u00e9dant \u00e0 la suspension des liaisons a\u00e9riennes, \u00e0 la fermeture des \u00e9coles, \u00e0 la mise en place d\u2019un confinement et \u00e0 l\u2019adoption de l\u2019obligation du port du masque, rappelle la publication, ajoutant que le Royaume a \u00e9galement renforc\u00e9 sa production locale en masques, dot\u00e9 ses infrastructures hospitali\u00e8res d\u2019\u00e9quipements de nouvelle g\u00e9n\u00e9ration, mis en place des h\u00f4pitaux de campagne et acquis des m\u00e9dicaments en quantit\u00e9 suffisante.<\/p>\n<p>Le magazine Welt fait \u00e9tat \u00e9galement de la baisse du nombre de nouveaux cas et de d\u00e9c\u00e8s recens\u00e9s au Maroc, pr\u00e9cisant qu\u2019en moyenne le Royaume enregistre \u00ab500 nouvelles infections et une dizaine de d\u00e9c\u00e8s\u00bb. \u00abCe sont des chiffres qui rendront jaloux l\u2019Allemagne et de nombreux autres pays de l\u2019UE\u00bb, estime la publication.<\/p>\n<p>Hicham Sbai, chef du service de r\u00e9animation des patients \u00abCovid-19\u00bb \u00e0 l\u2019h\u00f4pital Mohammed VI de Tanger, a indiqu\u00e9 dans une d\u00e9claration \u00e0 Welt, que le succ\u00e8s du Maroc est d\u00fb \u00e0 sa strat\u00e9gie nationale impliquant toutes les institutions et les acteurs au niveau national et r\u00e9gional.<\/p>\n<\/div>\n<p>Auteur: Meriem IGASS<br \/>\n<a href=\"http:\/\/www.mapmarrakech.ma\/fr\/le-maroc-champion-dafrique-en-vaccination-magazine-allemand\/\">Cliquez ici pour lire l&rsquo;article depuis sa source.<\/a><\/p>\n","protected":false},"excerpt":{"rendered":"<p>En un seul clic sur leurs t\u00e9l\u00e9phones, les Marocains re\u00e7oivent, quelques secondes plus tard, la r\u00e9ponse \u00e0 leurs SMS pour se rendre \u00e0 un centre m\u00e9dical de proximit\u00e9 afin de recevoir leur dose de vaccin contre le Covid-19. Le Royaume a d\u00e9pass\u00e9 l\u2019Allemagne en terme de vaccination, chapeaute le magazine allemand Welt. Alors que l\u2019Europe [&hellip;]<\/p>\n","protected":false},"author":1788,"featured_media":0,"comment_status":"closed","ping_status":"closed","sticky":false,"template":"","format":"standard","meta":{"fifu_image_url":"","fifu_image_alt":"","footnotes":""},"categories":[54,76],"tags":[],"class_list":["post-112076","post","type-post","status-publish","format-standard","hentry","category-maroc","category-regions"],"_links":{"self":[{"href":"https:\/\/linitiative.ca\/International\/wp-json\/wp\/v2\/posts\/112076","targetHints":{"allow":["GET"]}}],"collection":[{"href":"https:\/\/linitiative.ca\/International\/wp-json\/wp\/v2\/posts"}],"about":[{"href":"https:\/\/linitiative.ca\/International\/wp-json\/wp\/v2\/types\/post"}],"author":[{"embeddable":true,"href":"https:\/\/linitiative.ca\/International\/wp-json\/wp\/v2\/users\/1788"}],"replies":[{"embeddable":true,"href":"https:\/\/linitiative.ca\/International\/wp-json\/wp\/v2\/comments?post=112076"}],"version-history":[{"count":0,"href":"https:\/\/linitiative.ca\/International\/wp-json\/wp\/v2\/posts\/112076\/revisions"}],"wp:attachment":[{"href":"https:\/\/linitiative.ca\/International\/wp-json\/wp\/v2\/media?parent=112076"}],"wp:term":[{"taxonomy":"category","embeddable":true,"href":"https:\/\/linitiative.ca\/International\/wp-json\/wp\/v2\/categories?post=112076"},{"taxonomy":"post_tag","embeddable":true,"href":"https:\/\/linitiative.ca\/International\/wp-json\/wp\/v2\/tags?post=112076"}],"curies":[{"name":"wp","href":"https:\/\/api.w.org\/{rel}","templated":true}]}}