{"id":112077,"date":"2021-02-26T05:18:25","date_gmt":"2021-02-26T10:18:25","guid":{"rendered":"https:\/\/linitiative.ca\/International\/femmes-projet-sur-la-lutte-contre-la-violence-dans-les-espaces-publics\/"},"modified":"2021-02-26T05:18:25","modified_gmt":"2021-02-26T10:18:25","slug":"femmes-projet-sur-la-lutte-contre-la-violence-dans-les-espaces-publics","status":"publish","type":"post","link":"https:\/\/linitiative.ca\/International\/femmes-projet-sur-la-lutte-contre-la-violence-dans-les-espaces-publics\/","title":{"rendered":"Femmes: Projet sur la lutte contre la violence dans les espaces publics"},"content":{"rendered":"<div readability=\"38\">\n<p>Marrakech \u2013 Le projet \u00ab\u00a0contribution dans la lutte contre la violence \u00e0 l\u2019\u00e9gard des femmes et des filles dans les espaces publics au niveau des diff\u00e9rents arrondissements de la cit\u00e9 ocre\u00a0\u00bb a \u00e9t\u00e9 lanc\u00e9 jeudi \u00e0 Marrakech, en pr\u00e9sence d\u2019\u00e9lus et cadres des cinq arrondissements relevant de la commune urbaine de Marrakech, des repr\u00e9sentants des syndicats et associations professionnelles, ainsi que des acteurs de la soci\u00e9t\u00e9 civile.<\/p>\n<\/div>\n<div readability=\"72\">\n<p>Initi\u00e9 par l\u2019association Ennakhil, en partenariat avec ONU-Femmes (L\u2019Entit\u00e9 des Nations unies pour l\u2019\u00e9galit\u00e9 des sexes et l\u2019autonomisation des femmes), ce projet vise \u00e0 mettre en place une politique publique locale de nature \u00e0 contribuer \u00e0 la lutte contre la violence \u00e0 l\u2019\u00e9gard des femmes et des filles et \u00e0 garantir leur s\u00e9curit\u00e9 dans les espaces publics au niveau des diff\u00e9rents arrondissements de la cit\u00e9 ocre.<\/p>\n<p>Intervenant \u00e0 cette occasion, la pr\u00e9sidente de l\u2019association Ennakhil, Zakia Mrini, a soulign\u00e9 que ce projet, \u00e9tal\u00e9 sur une ann\u00e9e, s\u2019assigne aussi pour objectifs d\u2019appuyer la cit\u00e9 ocre afin qu\u2019elle devienne une ville s\u00fbre et sans violence \u00e0 l\u2019\u00e9gard des femmes et des filles, \u00e0 travers la cr\u00e9ation d\u2019un environnement appropri\u00e9 pour l\u2019\u00e9galit\u00e9 hommes-femmes.<\/p>\n<p>Cela passe par le d\u00e9veloppement d\u2019une planification locale int\u00e9grant l\u2019approche-genre dans le budget afin de lutter efficacement contre les violences \u00e0 l\u2019\u00e9gard des femmes et des filles dans les politiques territoriales des cinq arrondissements de la commune urbaine de Marrakech, et la cr\u00e9ation et l\u2019accompagnement d\u2019initiatives de nature \u00e0 renforcer la s\u00e9curit\u00e9 de la gent f\u00e9minine dans les espaces publics et les int\u00e9grer dans les plans d\u2019action des cinq arrondissements, des syndicats, des associations professionnelles et des entreprises, a-t-elle expliqu\u00e9.<\/p>\n<p>Il s\u2019agit aussi d\u2019augmenter le sentiment de s\u00e9curit\u00e9 chez les femmes dans les espaces publics, d\u2019am\u00e9liorer le niveau d\u2019utilisation de ces lieux, et de renforcer la s\u00e9curit\u00e9 des femmes dans les transports publics \u00e0 Marrakech, a encha\u00een\u00e9 Mme Mrini.<\/p>\n<p>Lors de cette rencontre, il a \u00e9t\u00e9 proc\u00e9d\u00e9 \u00e9galement, \u00e0 la pr\u00e9sentation des bilans et des bonnes pratiques de l\u2019initiative \u00ab\u00a0Marrakech ville s\u00fbre et amie de tous\u00a0\u00bb, \u00e9labor\u00e9e par l\u2019Institut marocain pour le d\u00e9veloppement local, en partenariat avec ONU-Femmes.<\/p>\n<\/div>\n<p>Auteur: Meriem IGASS<br \/>\n<a href=\"http:\/\/www.mapmarrakech.ma\/fr\/femmes-projet-sur-la-lutte-contre-la-violence-dans-les-espaces-publics\/\">Cliquez ici pour lire l&rsquo;article depuis sa source.<\/a><\/p>\n","protected":false},"excerpt":{"rendered":"<p>Marrakech \u2013 Le projet \u00ab\u00a0contribution dans la lutte contre la violence \u00e0 l\u2019\u00e9gard des femmes et des filles dans les espaces publics au niveau des diff\u00e9rents arrondissements de la cit\u00e9 ocre\u00a0\u00bb a \u00e9t\u00e9 lanc\u00e9 jeudi \u00e0 Marrakech, en pr\u00e9sence d\u2019\u00e9lus et cadres des cinq arrondissements relevant de la commune urbaine de Marrakech, des repr\u00e9sentants des [&hellip;]<\/p>\n","protected":false},"author":1788,"featured_media":0,"comment_status":"closed","ping_status":"closed","sticky":false,"template":"","format":"standard","meta":{"fifu_image_url":"","fifu_image_alt":"","footnotes":""},"categories":[54,76],"tags":[],"class_list":["post-112077","post","type-post","status-publish","format-standard","hentry","category-maroc","category-regions"],"_links":{"self":[{"href":"https:\/\/linitiative.ca\/International\/wp-json\/wp\/v2\/posts\/112077","targetHints":{"allow":["GET"]}}],"collection":[{"href":"https:\/\/linitiative.ca\/International\/wp-json\/wp\/v2\/posts"}],"about":[{"href":"https:\/\/linitiative.ca\/International\/wp-json\/wp\/v2\/types\/post"}],"author":[{"embeddable":true,"href":"https:\/\/linitiative.ca\/International\/wp-json\/wp\/v2\/users\/1788"}],"replies":[{"embeddable":true,"href":"https:\/\/linitiative.ca\/International\/wp-json\/wp\/v2\/comments?post=112077"}],"version-history":[{"count":0,"href":"https:\/\/linitiative.ca\/International\/wp-json\/wp\/v2\/posts\/112077\/revisions"}],"wp:attachment":[{"href":"https:\/\/linitiative.ca\/International\/wp-json\/wp\/v2\/media?parent=112077"}],"wp:term":[{"taxonomy":"category","embeddable":true,"href":"https:\/\/linitiative.ca\/International\/wp-json\/wp\/v2\/categories?post=112077"},{"taxonomy":"post_tag","embeddable":true,"href":"https:\/\/linitiative.ca\/International\/wp-json\/wp\/v2\/tags?post=112077"}],"curies":[{"name":"wp","href":"https:\/\/api.w.org\/{rel}","templated":true}]}}