{"id":112081,"date":"2021-02-26T09:09:41","date_gmt":"2021-02-26T14:09:41","guid":{"rendered":"https:\/\/linitiative.ca\/International\/casablanca-le-personnel-de-sante-du-prive-recoit-la-2eme-dose-du-vaccin\/"},"modified":"2021-02-26T09:09:41","modified_gmt":"2021-02-26T14:09:41","slug":"casablanca-le-personnel-de-sante-du-prive-recoit-la-2eme-dose-du-vaccin","status":"publish","type":"post","link":"https:\/\/linitiative.ca\/International\/casablanca-le-personnel-de-sante-du-prive-recoit-la-2eme-dose-du-vaccin\/","title":{"rendered":"Casablanca: Le personnel de sant\u00e9 du priv\u00e9 re\u00e7oit la 2\u00e8me dose du vaccin"},"content":{"rendered":"<p>Le Conseil r\u00e9gional de l&rsquo;Ordre des m\u00e9decins (CROMC) de Casablanca-Settat a d\u00e9marr\u00e9, vendredi, l&rsquo;op\u00e9ration de l&rsquo;administration de la seconde dose du vaccin contre le nouveau coronavirus (covid-19), au profit du personnel de sant\u00e9 du secteur lib\u00e9ral \u00e2g\u00e9 de plus de 40 ans (m\u00e9decins, dentistes et pharmaciens).<\/p>\n<p>Cette op\u00e9ration, qui se d\u00e9roule en trois jours sur quatre sites (Casablanca, El Jadida, Mohammedia et Settat), est men\u00e9e selon les recommandations du minist\u00e8re de la Sant\u00e9, \u00e0 savoir 28 jours apr\u00e8s la premi\u00e8re dose, et dans le strict respect des mesures de pr\u00e9caution, a-t-on constat\u00e9 sur le site de la Facult\u00e9 de m\u00e9decine et de pharmacie de Casablanca (FMPC). \u00ab\u00a0Nous entamons aujourd&rsquo;hui l&rsquo;op\u00e9ration d&rsquo;administration de la seconde dose au profit des m\u00e9decins priv\u00e9s, des dentistes et des pharmaciens du secteur lib\u00e9ral de la r\u00e9gion Casablanca-Settat, en \u00e9troite collaboration avec le Conseil r\u00e9gional sud de l&rsquo;Ordre des m\u00e9decins dentistes et du Syndicat national des pharmaciens\u00a0\u00bb, a expliqu\u00e9 le Dr. Dounia Kissi, conseill\u00e8re au CROMC et coordinatrice de la campagne.<\/p>\n<p>Le Dr. Kissi a fait \u00e9tat de la mise au point d&rsquo;un dispositif organisationnel optimal pour un d\u00e9roulement fluide de cette op\u00e9ration, qui se d\u00e9cline en un circuit de cinq \u00e9tapes, \u00e0 savoir accueil et v\u00e9rification de l&rsquo;identit\u00e9 et de l&rsquo;\u00e9ligibilit\u00e9, \u00e9valuation m\u00e9dicale pr\u00e9-vaccinale, saisie des donn\u00e9es sur la plateforme du registre national, injection dans des boxes d\u00e9di\u00e9s et, enfin, observation post-vaccinale pendant 15 minutes avec offre d&rsquo;une collation. De plus, une salle de soins intensifs \u00e9quip\u00e9e et m\u00e9dicalis\u00e9e a \u00e9t\u00e9 mise en place pour r\u00e9pondre \u00e0 toute situation de r\u00e9action aigu\u00eb post-vaccinale, a-t-elle poursuivi.<\/p>\n<p>Elle a mis en avant l&rsquo;engagement et la mobilisation de toutes les parties prenantes, la mise en place d&rsquo;une logistique sans faille, des facteurs qui contribuent \u00e0 la r\u00e9ussite de cette campagne nationale et citoyenne. Parmi les partenaires engag\u00e9s dans cette op\u00e9ration, il y a lieu de citer la Wilaya de Casablanca-Settat, la pr\u00e9fecture d\u2019arrondissements de Casablanca-Anfa, la pr\u00e9fecture de police, les Forces auxiliaires, les autorit\u00e9s locales, la direction r\u00e9gionale de la Sant\u00e9, les m\u00e9decins th\u00e9sards et personnel de la FMPC, les m\u00e9decins et infirmiers du secteur priv\u00e9, le personnel du Croissant Rouge Marocain et l&rsquo;ensemble des b\u00e9n\u00e9voles. \u00ab\u00a0Nous avons re\u00e7u aujourd&rsquo;hui la deuxi\u00e8me dose du vaccin, apr\u00e8s pr\u00e8s d&rsquo;un mois de la premi\u00e8re.<\/p>\n<p>Cette op\u00e9ration se d\u00e9roule dans les meilleures conditions avec une organisation de qualit\u00e9\u00a0\u00bb, s&rsquo;est, de son c\u00f4t\u00e9, f\u00e9licit\u00e9 Oualid Amri, pr\u00e9sident du Syndicat des pharmaciens de la Wilaya du Grand Casablanca et vice-pr\u00e9sident de la F\u00e9d\u00e9ration nationale des syndicats de pharmaciens du Maroc. \u00ab\u00a0Via cette action, nous sensibilisons aussi le citoyen marocain sur l&rsquo;importance de cette campagne nationale de vaccination et de la n\u00e9cessit\u00e9 de continuer \u00e0 respecter les mesures de protection en vue de garantir l&rsquo;efficacit\u00e9 du vaccin\u00a0\u00bb, a-t-il relev\u00e9. Tout en rappelant le d\u00e9passement du seuil de 3 millions de personnes vaccin\u00e9es au niveau national, il a salu\u00e9 les efforts consentis par les acteurs impliqu\u00e9s pour entourer cette op\u00e9ration de toutes les conditions de succ\u00e8s.<\/p>\n<p>Apr\u00e8s le lancement officiel de la campagne nationale, le CROMC a organis\u00e9, les 29, 30 janvier et 1er f\u00e9vrier derniers, la premi\u00e8re phase de la vaccination des professionnels du secteur lib\u00e9ral, qui ont re\u00e7u la premi\u00e8re dose du vaccin AstraZeneca avec des taux de participation au-dessus des attentes.<\/p>\n<p>Auteur: mbasraoui<br \/>\n<a href=\"https:\/\/www.leconomiste.com\/flash-infos\/casablanca-le-personnel-de-sante-du-prive-recoit-la-2eme-dose-du-vaccin\">Cliquez ici pour lire l&rsquo;article depuis sa source.<\/a><\/p>\n","protected":false},"excerpt":{"rendered":"<p>Le Conseil r\u00e9gional de l&rsquo;Ordre des m\u00e9decins (CROMC) de Casablanca-Settat a d\u00e9marr\u00e9, vendredi, l&rsquo;op\u00e9ration de l&rsquo;administration de la seconde dose du vaccin contre le nouveau coronavirus (covid-19), au profit du personnel de sant\u00e9 du secteur lib\u00e9ral \u00e2g\u00e9 de plus de 40 ans (m\u00e9decins, dentistes et pharmaciens). Cette op\u00e9ration, qui se d\u00e9roule en trois jours sur [&hellip;]<\/p>\n","protected":false},"author":1763,"featured_media":0,"comment_status":"closed","ping_status":"closed","sticky":false,"template":"","format":"standard","meta":{"fifu_image_url":"","fifu_image_alt":"","footnotes":""},"categories":[78,54],"tags":[],"class_list":["post-112081","post","type-post","status-publish","format-standard","hentry","category-economie","category-maroc"],"_links":{"self":[{"href":"https:\/\/linitiative.ca\/International\/wp-json\/wp\/v2\/posts\/112081","targetHints":{"allow":["GET"]}}],"collection":[{"href":"https:\/\/linitiative.ca\/International\/wp-json\/wp\/v2\/posts"}],"about":[{"href":"https:\/\/linitiative.ca\/International\/wp-json\/wp\/v2\/types\/post"}],"author":[{"embeddable":true,"href":"https:\/\/linitiative.ca\/International\/wp-json\/wp\/v2\/users\/1763"}],"replies":[{"embeddable":true,"href":"https:\/\/linitiative.ca\/International\/wp-json\/wp\/v2\/comments?post=112081"}],"version-history":[{"count":0,"href":"https:\/\/linitiative.ca\/International\/wp-json\/wp\/v2\/posts\/112081\/revisions"}],"wp:attachment":[{"href":"https:\/\/linitiative.ca\/International\/wp-json\/wp\/v2\/media?parent=112081"}],"wp:term":[{"taxonomy":"category","embeddable":true,"href":"https:\/\/linitiative.ca\/International\/wp-json\/wp\/v2\/categories?post=112081"},{"taxonomy":"post_tag","embeddable":true,"href":"https:\/\/linitiative.ca\/International\/wp-json\/wp\/v2\/tags?post=112081"}],"curies":[{"name":"wp","href":"https:\/\/api.w.org\/{rel}","templated":true}]}}