{"id":112083,"date":"2021-02-26T09:13:19","date_gmt":"2021-02-26T14:13:19","guid":{"rendered":"https:\/\/linitiative.ca\/International\/la-recession-economique-confirmee-en-france\/"},"modified":"2021-02-26T09:13:19","modified_gmt":"2021-02-26T14:13:19","slug":"la-recession-economique-confirmee-en-france","status":"publish","type":"post","link":"https:\/\/linitiative.ca\/International\/la-recession-economique-confirmee-en-france\/","title":{"rendered":"La r\u00e9cession \u00e9conomique confirm\u00e9e en France"},"content":{"rendered":"<p>L&rsquo;Institut national fran\u00e7ais des statistiques (Insee) a revu, vendredi, l\u00e9g\u00e8rement \u00e0 la baisse la r\u00e9cession \u00e9conomique tout en confirmant le recul historique de l\u2019\u00e9conomie fran\u00e7aise du fait de la pand\u00e9mie.<\/p>\n<p>L&rsquo;\u00e9conomie fran\u00e7aise a chut\u00e9 de 8,2% l&rsquo;an dernier, a indiqu\u00e9 l&rsquo;Insee, soit une baisse l\u00e9g\u00e8rement peu moins forte que les -8,3% pr\u00e9c\u00e9demment estim\u00e9s. Sur le seul quatri\u00e8me trimestre 2020, le recul du PIB est de 1,4%, contre -1,3% estim\u00e9 auparavant, \u00e9value l&rsquo;Insee, en pr\u00e9cisant que l&rsquo;\u00e9conomie fran\u00e7aise a termin\u00e9 l&rsquo;ann\u00e9e 2020 avec une activit\u00e9 4,9% en dessous de son niveau du dernier trimestre 2019, soit avant l&rsquo;apparition de l&rsquo;\u00e9pid\u00e9mie de Covid-19.<\/p>\n<p>Selon l\u2019Institut de la statistique, la r\u00e9cession s&rsquo;explique principalement par la forte baisse des d\u00e9penses de consommation des m\u00e9nages (-7%), induites par les p\u00e9riodes de confinement et les restrictions d&rsquo;activit\u00e9, la contraction des investissements (-10,3%), et le plongeon des exportations (-16,3%), bien sup\u00e9rieur \u00e0 la r\u00e9duction des importations. Les donn\u00e9es d\u00e9taill\u00e9es de l&rsquo;Insee confirment \u00e9galement que les revenus et le pouvoir d&rsquo;achat des m\u00e9nages ont bien r\u00e9sist\u00e9 durant la crise, gr\u00e2ce aux mesures de soutien mises en place par le gouvernement (ch\u00f4mage partiel, aides sp\u00e9cifiques aux plus modestes, etc.) et \u00e0 des baisses d&rsquo;imp\u00f4ts (imp\u00f4t sur le revenu, taxe d&rsquo;habitation).<\/p>\n<p>Le revenu disponible brut des m\u00e9nafes fran\u00e7ais a ainsi progress\u00e9 de 1,1% sur l&rsquo;ensemble de l&rsquo;ann\u00e9e, et le pouvoir d&rsquo;achat a progress\u00e9 de 0,6%. \u00abL&rsquo;effet conjoint de la hausse du pouvoir d&rsquo;achat et de la baisse des d\u00e9penses de consommation induit une forte hausse du taux d&rsquo;\u00e9pargne des m\u00e9nages\u00bb, souligne l&rsquo;Insee.<\/p>\n<p>Sur l&rsquo;ann\u00e9e, ce taux a grimp\u00e9 \u00e0 21,3%, contre 14,9% en 2019, illustrant \u00e0 la fois la constitution d&rsquo;une \u00e9pargne forc\u00e9e, du fait des restrictions d&rsquo;activit\u00e9, mais aussi d&rsquo;une \u00e9pargne de pr\u00e9caution, li\u00e9e aux inqui\u00e9tudes sur l&rsquo;avenir. La France, deuxi\u00e8me \u00e9conomie de l&rsquo;Union europ\u00e9enne a, connu en 2020 sa pire r\u00e9cession depuis la deuxi\u00e8me Guerre mondiale suite aux restrictions mises en place pour contenir l&rsquo;\u00e9pid\u00e9mie de coronavirus. Le gouvernement table sur une croissance de 6% cette ann\u00e9e, un objectif qui reste, selon l&rsquo;Insee, atteignable malgr\u00e9 un d\u00e9but d&rsquo;ann\u00e9e difficile.<\/p>\n<p>Auteur: mbasraoui<br \/>\n<a href=\"https:\/\/www.leconomiste.com\/flash-infos\/la-recession-economique-confirmee-en-france\">Cliquez ici pour lire l&rsquo;article depuis sa source.<\/a><\/p>\n","protected":false},"excerpt":{"rendered":"<p>L&rsquo;Institut national fran\u00e7ais des statistiques (Insee) a revu, vendredi, l\u00e9g\u00e8rement \u00e0 la baisse la r\u00e9cession \u00e9conomique tout en confirmant le recul historique de l\u2019\u00e9conomie fran\u00e7aise du fait de la pand\u00e9mie. L&rsquo;\u00e9conomie fran\u00e7aise a chut\u00e9 de 8,2% l&rsquo;an dernier, a indiqu\u00e9 l&rsquo;Insee, soit une baisse l\u00e9g\u00e8rement peu moins forte que les -8,3% pr\u00e9c\u00e9demment estim\u00e9s. Sur le [&hellip;]<\/p>\n","protected":false},"author":1763,"featured_media":0,"comment_status":"closed","ping_status":"closed","sticky":false,"template":"","format":"standard","meta":{"fifu_image_url":"","fifu_image_alt":"","footnotes":""},"categories":[78,54],"tags":[],"class_list":["post-112083","post","type-post","status-publish","format-standard","hentry","category-economie","category-maroc"],"_links":{"self":[{"href":"https:\/\/linitiative.ca\/International\/wp-json\/wp\/v2\/posts\/112083","targetHints":{"allow":["GET"]}}],"collection":[{"href":"https:\/\/linitiative.ca\/International\/wp-json\/wp\/v2\/posts"}],"about":[{"href":"https:\/\/linitiative.ca\/International\/wp-json\/wp\/v2\/types\/post"}],"author":[{"embeddable":true,"href":"https:\/\/linitiative.ca\/International\/wp-json\/wp\/v2\/users\/1763"}],"replies":[{"embeddable":true,"href":"https:\/\/linitiative.ca\/International\/wp-json\/wp\/v2\/comments?post=112083"}],"version-history":[{"count":0,"href":"https:\/\/linitiative.ca\/International\/wp-json\/wp\/v2\/posts\/112083\/revisions"}],"wp:attachment":[{"href":"https:\/\/linitiative.ca\/International\/wp-json\/wp\/v2\/media?parent=112083"}],"wp:term":[{"taxonomy":"category","embeddable":true,"href":"https:\/\/linitiative.ca\/International\/wp-json\/wp\/v2\/categories?post=112083"},{"taxonomy":"post_tag","embeddable":true,"href":"https:\/\/linitiative.ca\/International\/wp-json\/wp\/v2\/tags?post=112083"}],"curies":[{"name":"wp","href":"https:\/\/api.w.org\/{rel}","templated":true}]}}