{"id":112084,"date":"2021-02-26T09:27:56","date_gmt":"2021-02-26T14:27:56","guid":{"rendered":"https:\/\/linitiative.ca\/International\/suisse-le-maroc-invite-dhonneur-du-festival-dinnovation-touristique\/"},"modified":"2021-02-26T09:27:56","modified_gmt":"2021-02-26T14:27:56","slug":"suisse-le-maroc-invite-dhonneur-du-festival-dinnovation-touristique","status":"publish","type":"post","link":"https:\/\/linitiative.ca\/International\/suisse-le-maroc-invite-dhonneur-du-festival-dinnovation-touristique\/","title":{"rendered":"Suisse: Le Maroc, invit\u00e9 d&rsquo;honneur du \u00ab\u00a0Festival d&rsquo;innovation\u00a0\u00bb touristique"},"content":{"rendered":"<p class=\"rtejustify\">Le Maroc sera l&rsquo;invit\u00e9 d&rsquo;honneur du \u00ab\u00a0Festival d&rsquo;innovation\u00a0\u00bb touristique pr\u00e9vu fin avril \u00e0 Lucerne, en Suisse, a annonc\u00e9 le Forum mondial du tourisme de Lucerne (FMTL).<\/p>\n<p class=\"rtejustify\">\u00ab\u00a0La pr\u00e9sence du Maroc en tant que pays invit\u00e9 au Festival de l&rsquo;innovation marque le d\u00e9but d\u2019un partenariat prometteur\u00a0\u00bb, souligne le FMTL dans un communiqu\u00e9, notant qu'\u00a0\u00bbafin d&rsquo;intensifier la discussion et de faire progresser les innovations, d&rsquo;autres projets communs sont d\u00e9j\u00e0 en pr\u00e9paration\u00a0\u00bb. Le Forum met en avant les potentialit\u00e9s du Royaume qui \u00ab\u00a0innove dans le tourisme avec divers projets\u00a0\u00bb et constitue \u00ab\u00a0une destination touristique ambitieuse, activement impliqu\u00e9e dans le d\u00e9veloppement du tourisme mondial\u00a0\u00bb.<\/p>\n<p class=\"rtejustify\">Le FMTL rappelle, dans ce sens, que l\u2019Organisation mondiale du tourisme (OMT) tiendra cette ann\u00e9e son Assembl\u00e9e g\u00e9n\u00e9rale \u00e0 Marrakech. Lors de ce festival, \u00ab\u00a0le Maroc sera un axe majeur pour les acteurs de l&rsquo;industrie du tourisme et les investisseurs\u00a0\u00bb. Le Forum rel\u00e8ve, en outre, que la Suisse et le Maroc entretiennent une \u00e9troite collaboration, notamment dans le domaine du tourisme, soulignant que \u00ab\u00a0les deux pays travaillent main dans la main et d\u00e9fendent le d\u00e9veloppement du tourisme durable\u00a0\u00bb.<\/p>\n<p class=\"rtejustify\">Le FMTL rappelle \u00e0 ce propos qu&rsquo;un programme de d\u00e9veloppement a \u00e9t\u00e9 lanc\u00e9 avec la fondation Swisscontact. Son objectif est d&rsquo;am\u00e9liorer les conditions, en particulier pour les jeunes et les femmes dans les secteurs li\u00e9s au tourisme. Il pr\u00e9cise, par ailleurs, qu&rsquo;il ajoutera l&rsquo;Universit\u00e9 polytechnique Mohammed IV \u00e0 son r\u00e9seau universitaire international, notant que \u00ab\u00a0le Maroc jouera un r\u00f4le actif dans le groupe de r\u00e9flexion\u00a0\u00bb du Forum. Lors du \u00abFestival de l&rsquo;innovation\u00bb, des personnalit\u00e9s de premier plan de l&rsquo;industrie du tourisme et de la politique, ainsi que des investisseurs et des start-ups se r\u00e9uniront pour discuter des nouvelles approches les plus brillantes.<\/p>\n<p class=\"rtejustify\">Le Forum mondial du tourisme de Lucerne met en relation des experts de l&rsquo;industrie du tourisme depuis plus de 10 ans et offre aux participants une plate-forme unique d&rsquo;\u00e9change d&rsquo;id\u00e9es. Avec sa plateforme internationale d&rsquo;\u00e9change et d&rsquo;\u00e9valuation de nouvelles id\u00e9es, il se propose de cr\u00e9er le cadre id\u00e9al pour rapprocher les jeunes du savoir-faire des experts du secteur et des investisseurs.<\/p>\n<p class=\"rtejustify\">\u00a0<\/p>\n<p>Auteur: mbasraoui<br \/>\n<a href=\"https:\/\/www.leconomiste.com\/flash-infos\/suisse-le-maroc-invite-d-honneur-du-festival-d-innovation-touristique\">Cliquez ici pour lire l&rsquo;article depuis sa source.<\/a><\/p>\n","protected":false},"excerpt":{"rendered":"<p>Le Maroc sera l&rsquo;invit\u00e9 d&rsquo;honneur du \u00ab\u00a0Festival d&rsquo;innovation\u00a0\u00bb touristique pr\u00e9vu fin avril \u00e0 Lucerne, en Suisse, a annonc\u00e9 le Forum mondial du tourisme de Lucerne (FMTL). \u00ab\u00a0La pr\u00e9sence du Maroc en tant que pays invit\u00e9 au Festival de l&rsquo;innovation marque le d\u00e9but d\u2019un partenariat prometteur\u00a0\u00bb, souligne le FMTL dans un communiqu\u00e9, notant qu&rsquo;\u00a0\u00bbafin d&rsquo;intensifier la [&hellip;]<\/p>\n","protected":false},"author":1763,"featured_media":0,"comment_status":"closed","ping_status":"closed","sticky":false,"template":"","format":"standard","meta":{"fifu_image_url":"","fifu_image_alt":"","footnotes":""},"categories":[78,54],"tags":[],"class_list":["post-112084","post","type-post","status-publish","format-standard","hentry","category-economie","category-maroc"],"_links":{"self":[{"href":"https:\/\/linitiative.ca\/International\/wp-json\/wp\/v2\/posts\/112084","targetHints":{"allow":["GET"]}}],"collection":[{"href":"https:\/\/linitiative.ca\/International\/wp-json\/wp\/v2\/posts"}],"about":[{"href":"https:\/\/linitiative.ca\/International\/wp-json\/wp\/v2\/types\/post"}],"author":[{"embeddable":true,"href":"https:\/\/linitiative.ca\/International\/wp-json\/wp\/v2\/users\/1763"}],"replies":[{"embeddable":true,"href":"https:\/\/linitiative.ca\/International\/wp-json\/wp\/v2\/comments?post=112084"}],"version-history":[{"count":0,"href":"https:\/\/linitiative.ca\/International\/wp-json\/wp\/v2\/posts\/112084\/revisions"}],"wp:attachment":[{"href":"https:\/\/linitiative.ca\/International\/wp-json\/wp\/v2\/media?parent=112084"}],"wp:term":[{"taxonomy":"category","embeddable":true,"href":"https:\/\/linitiative.ca\/International\/wp-json\/wp\/v2\/categories?post=112084"},{"taxonomy":"post_tag","embeddable":true,"href":"https:\/\/linitiative.ca\/International\/wp-json\/wp\/v2\/tags?post=112084"}],"curies":[{"name":"wp","href":"https:\/\/api.w.org\/{rel}","templated":true}]}}