{"id":112087,"date":"2021-02-26T10:30:00","date_gmt":"2021-02-26T15:30:00","guid":{"rendered":"https:\/\/linitiative.ca\/International\/coup-detat-et-grande-instabilite-en-armenie\/"},"modified":"2021-02-26T10:30:00","modified_gmt":"2021-02-26T15:30:00","slug":"coup-detat-et-grande-instabilite-en-armenie","status":"publish","type":"post","link":"https:\/\/linitiative.ca\/International\/coup-detat-et-grande-instabilite-en-armenie\/","title":{"rendered":"Coup d\u2019Etat et grande instabilit\u00e9 en Arm\u00e9nie"},"content":{"rendered":"<p class=\"p1 c4\"><span class=\"c3\"><span class=\"s1 c2\"><strong>Le Temps-Agences-<\/strong><\/span><strong>Le Premier ministre arm\u00e9nien Nikol Pachinian a d\u00e9nonc\u00e9 hier une tentative de coup d\u2019Etat militaire et limog\u00e9 son chef d\u2019\u00e9tat-major, apr\u00e8s que le commandement de l\u2019arm\u00e9e a r\u00e9clam\u00e9 la d\u00e9mission de son gouvernement.<\/strong><\/span><\/p>\n<p class=\"p1 c5\"><span class=\"c3\">\u00abJe consid\u00e8re que la d\u00e9claration de l\u2019\u00e9tat-major est une tentative de coup d\u2019Etat militaire. J\u2019invite tous nos partisans \u00e0 se rassembler place de la R\u00e9publique\u00bb \u00e0 Erevan, a \u00e9crit sur sa page Facebook Nikol Pachinian.<\/span><\/p>\n<p class=\"p1 c5\"><span class=\"c3\">Le Kremlin, se disant \u00abpr\u00e9occup\u00e9\u00bb par la situation, a appel\u00e9 \u00abau calme\u00bb dans cette ex-R\u00e9publique sovi\u00e9tique du Caucase, un alli\u00e9 traditionnel de la Russie. La Turquie, ennemi jur\u00e9 de l\u2019Arm\u00e9nie, a dit pour sa part \u00abfermement\u00bb condamner la \u00abtentative de putsch\u00bb en Arm\u00e9nie.<\/span><\/p>\n<p class=\"p1 c5\"><span class=\"c3\">Le pas d\u00e9cid\u00e9, m\u00e9gaphone en main, le Premier ministre de 45 ans a pris la t\u00eate de centaines de ses partisans.<\/span><\/p>\n<p class=\"p1 c5\"><span class=\"c3\">\u00abLa situation est tendue mais tout le monde est d\u2019accord qu\u2019il ne doit pas y avoir d\u2019affrontements (&#8230;) la situation est g\u00e9rable\u00bb, a-t-il dit, qualifiant l\u2019appel des militaires \u00e0 son d\u00e9part de \u00abr\u00e9action sous le coup de l\u2019\u00e9motion\u00bb.<\/span><\/p>\n<p class=\"p1 c5\"><span class=\"c3\">\u00abNous avons besoin de dialogue plut\u00f4t que de confrontation\u00bb, a-t-il ajout\u00e9, la foule l\u2019applaudissant et scandant son nom.<\/span><\/p>\n<p class=\"p1 c5\"><span class=\"c3\">M. Pachinian a en outre estim\u00e9 que les g\u00e9n\u00e9raux ayant r\u00e9clam\u00e9 sa d\u00e9mission restaient des \u00abfr\u00e8res\u00bb, \u00e0 l\u2019instar du chef d\u2019\u00e9tat-major, Onik Gasparian, qu\u2019il a limog\u00e9 jeudi matin.<\/span><\/p>\n<p class=\"p2 c6\">\u00a0<\/p>\n<p class=\"p3 c7\"><span class=\"c3\"><strong>Guerre civile<\/strong><\/span><\/p>\n<p class=\"p1 c5\"><span class=\"c3\">L\u2019opposition, qui r\u00e9clame le d\u00e9part de M. Pachinian depuis la d\u00e9faite militaire arm\u00e9nienne face \u00e0 l\u2019Azerba\u00efdjan au Nagorny Karabakh fin 2020, a elle r\u00e9it\u00e9r\u00e9 cette revendication, estimant qu\u2019il risquait de conduire l\u2019Arm\u00e9nie \u00e0 la \u00abguerre civile\u00bb.<\/span><\/p>\n<p class=\"p1 c5\"><span class=\"c3\">\u00abLa d\u00e9claration de l\u2019arm\u00e9e est un tournant. Nous appelons Nikol Pachinian \u00e0 ne pas mener le pays vers la guerre civile et une effusion de sang. Pachinian a une derni\u00e8re chance de partir sans qu\u2019il y ait de troubles\u00bb, a jug\u00e9 le parti Arm\u00e9nie Prosp\u00e8re, principale formation d\u2019opposition.<\/span><\/p>\n<p class=\"p1 c5\"><span class=\"c3\">La puissante Eglise apostolique arm\u00e9nienne a appel\u00e9 les forces politiques \u00e0 trouver une solution \u00ab\u00e0 la table des n\u00e9gociations pour le bien de la patrie et du peuple\u00bb.<\/span><\/p>\n<p class=\"p1 c5\"><span class=\"c3\">Mercredi, M. Pachinian avait limog\u00e9 Tigran Khatchatrian, l\u2019adjoint du chef d\u2019\u00e9tat-major, d\u00e9clenchant la col\u00e8re du commandement militaire qui a en retour r\u00e9clam\u00e9 sa d\u00e9mission, jugeant que le Premier ministre n\u2019\u00e9tait \u00abplus en mesure de prendre les d\u00e9cisions qui s\u2019imposent\u00bb.<\/span><\/p>\n<p class=\"p1 c5\"><span class=\"c3\">Ils l\u2019ont accus\u00e9 \u00abd\u2019attaques destin\u00e9es \u00e0 discr\u00e9diter les forces arm\u00e9es\u00bb.<\/span><\/p>\n<p class=\"p1 c5\"><span class=\"c3\">Tigran Khatchatrian s\u2019\u00e9tait moqu\u00e9 dans la presse de d\u00e9clarations de M. Pachninian mettant en cause la fiabilit\u00e9 d\u2019un syst\u00e8me d\u2019armement russe, les lance-missiles Iskander, durant le conflit du Karabakh.<\/span><\/p>\n<p class=\"p1 c5\"><span class=\"c3\">Le Premier ministre arm\u00e9nien est depuis des semaines sous la pression de l\u2019opposition et de manifestations r\u00e9currentes, qui r\u00e9clament sa d\u00e9mission \u00e0 cause de la d\u00e9faite militaire de l\u2019Arm\u00e9nie face \u00e0 l\u2019Azerba\u00efdjan, \u00e0 l\u2019automne 2020, dans le conflit du Nagorny Karabakh.<\/span><\/p>\n<p class=\"p1 c4\">\u00a0<\/p>\n<p class=\"p1 c5\"><span class=\"c3\">Jusqu\u2019ici, il avait le soutien de l\u2019arm\u00e9e. A la fin de la guerre, celle-ci et Nikol Pachinian, confront\u00e9s au risque d\u2019une v\u00e9ritable d\u00e9b\u00e2cle, avaient accept\u00e9 les conditions d\u2019un cessez-le-feu n\u00e9goci\u00e9 par le pr\u00e9sident russe Vladimir Poutine et qui impliquaient d\u2019importantes pertes territoriales pour l\u2019Arm\u00e9nie.<\/span><\/p>\n<p>Auteur: letemps1<br \/>\n<a href=\"http:\/\/www.letemps.com.tn\/article\/119471\/coup-d%E2%80%99etat-et-grande-instabilit%C3%A9-en-arm%C3%A9nie\">Cliquez ici pour lire l&rsquo;article depuis sa source.<\/a><\/p>\n","protected":false},"excerpt":{"rendered":"<p>Le Temps-Agences-Le Premier ministre arm\u00e9nien Nikol Pachinian a d\u00e9nonc\u00e9 hier une tentative de coup d\u2019Etat militaire et limog\u00e9 son chef d\u2019\u00e9tat-major, apr\u00e8s que le commandement de l\u2019arm\u00e9e a r\u00e9clam\u00e9 la d\u00e9mission de son gouvernement. \u00abJe consid\u00e8re que la d\u00e9claration de l\u2019\u00e9tat-major est une tentative de coup d\u2019Etat militaire. J\u2019invite tous nos partisans \u00e0 se rassembler [&hellip;]<\/p>\n","protected":false},"author":1773,"featured_media":0,"comment_status":"closed","ping_status":"closed","sticky":false,"template":"","format":"standard","meta":{"fifu_image_url":"","fifu_image_alt":"","footnotes":""},"categories":[73,55],"tags":[],"class_list":["post-112087","post","type-post","status-publish","format-standard","hentry","category-actualite","category-tunisie"],"_links":{"self":[{"href":"https:\/\/linitiative.ca\/International\/wp-json\/wp\/v2\/posts\/112087","targetHints":{"allow":["GET"]}}],"collection":[{"href":"https:\/\/linitiative.ca\/International\/wp-json\/wp\/v2\/posts"}],"about":[{"href":"https:\/\/linitiative.ca\/International\/wp-json\/wp\/v2\/types\/post"}],"author":[{"embeddable":true,"href":"https:\/\/linitiative.ca\/International\/wp-json\/wp\/v2\/users\/1773"}],"replies":[{"embeddable":true,"href":"https:\/\/linitiative.ca\/International\/wp-json\/wp\/v2\/comments?post=112087"}],"version-history":[{"count":0,"href":"https:\/\/linitiative.ca\/International\/wp-json\/wp\/v2\/posts\/112087\/revisions"}],"wp:attachment":[{"href":"https:\/\/linitiative.ca\/International\/wp-json\/wp\/v2\/media?parent=112087"}],"wp:term":[{"taxonomy":"category","embeddable":true,"href":"https:\/\/linitiative.ca\/International\/wp-json\/wp\/v2\/categories?post=112087"},{"taxonomy":"post_tag","embeddable":true,"href":"https:\/\/linitiative.ca\/International\/wp-json\/wp\/v2\/tags?post=112087"}],"curies":[{"name":"wp","href":"https:\/\/api.w.org\/{rel}","templated":true}]}}