{"id":112089,"date":"2021-02-26T10:30:00","date_gmt":"2021-02-26T15:30:00","guid":{"rendered":"https:\/\/linitiative.ca\/International\/50-migrants-se-sont-noyes-et-les-survivants-accueillis-en-italie\/"},"modified":"2021-02-26T10:30:00","modified_gmt":"2021-02-26T15:30:00","slug":"50-migrants-se-sont-noyes-et-les-survivants-accueillis-en-italie","status":"publish","type":"post","link":"https:\/\/linitiative.ca\/International\/50-migrants-se-sont-noyes-et-les-survivants-accueillis-en-italie\/","title":{"rendered":"50 migrants se sont noy\u00e9s  et les survivants accueillis en Italie"},"content":{"rendered":"<article about=\"\/article\/119473\/50-migrants-se-sont-noy%C3%A9s-et-les-survivants-accueillis-en-italie\" typeof=\"rNews:Article schema:NewsArticle\" class=\"node node-openpublish-article node-published node-not-promoted node-not-sticky author-letemps1 odd clearfix\" id=\"node-openpublish-article-119473\" readability=\"27.912005028284\">\n<p>NAUFRAGE MEURTRIER EN MEDITERRANEE<\/p>\n<footer class=\"submitted clearfix\" readability=\"2\">\n<p><span class=\"date-display-single\" property=\"dc:date\" datatype=\"xsd:dateTime\" content=\"2021-02-26T00:00:00+01:00\">Vendredi 26 F\u00e9vrier 2021<\/span><\/p>\n<\/footer>\n<div class=\"content clearfix\" readability=\"41.856557377049\"><span class=\"print-link print_html\"><a href=\"http:\/\/www.letemps.com.tn\/print\/119473\" title=\"Display a printer-friendly version of this page.\" class=\"print-page\" onclick=\"window.open(this.href); return false\" rel=\"nofollow\"><img decoding=\"async\" class=\"print-icon\" typeof=\"foaf:Image\" src=\"http:\/\/www.letemps.com.tn\/sites\/all\/modules\/print\/icons\/print_icon.gif\" alt=\"\u0646\u0633\u062e\u0629 \u0644\u0644\u0637\u0628\u0627\u0639\u0629\" title=\"\u0646\u0633\u062e\u0629 \u0644\u0644\u0637\u0628\u0627\u0639\u0629\"\/><\/a><\/span><\/p>\n<div class=\"beacon9-social\">\n<p><iframe src=\"http:\/\/www.facebook.com\/plugins\/like.php?href=http%3A%2F%2Fwww.letemps.com.tn%2Farticle%2F119473%2F50-migrants-se-sont-noy%25C3%25A9s-et-les-survivants-accueillis-en-italie&amp;layout=button_count&amp;show_faces=false&amp;action=like&amp;font=arial&amp;colorscheme=light\" scrolling=\"no\" frameborder=\"0\" class=\"c1\" allowtransparency=\"true\">[embedded content]<\/iframe><\/p>\n<\/div>\n<div class=\"field field-name-field-op-main-image field-type-image field-label-hidden field-items field-item even\"><img loading=\"lazy\" decoding=\"async\" typeof=\"foaf:Image\" src=\"http:\/\/www.letemps.com.tn\/sites\/www.letemps.com.tn\/files\/styles\/620px_wide\/public\/main\/articles\/Sans titre-4-Re\u0301cupe\u0301re\u0301_78.jpg\" width=\"600\" height=\"380\" alt=\"\"\/><\/div>\n<div class=\"field field-name-body field-type-text-with-summary field-label-hidden field-items field-item even\" readability=\"54\">\n<p class=\"p1 c4\"><span class=\"c3\"><strong><span class=\"s1 c2\">Le Temps- Agences-<\/span> Au moins 50 migrants se sont noy\u00e9s lorsque leur bateau a chavir\u00e9 en M\u00e9diterran\u00e9e centrale a annonc\u00e9 l&rsquo;ONU. C&rsquo;est le dernier naufrage en date qui implique des migrants ayant voulu fuir le conflit en Libye pour chercher une vie meilleure en Europe.<\/strong><\/span><\/p>\n<p class=\"p1 c5\"><span class=\"c3\">Les survivants ont \u00e9t\u00e9 accueillis dans le port sicilien de Porto Empedocle, except\u00e9 un nouveau-n\u00e9 ayant perdu sa m\u00e8re pendant le naufrage qui a \u00e9t\u00e9 pris en charge \u00e0 Lampedusa.<\/span><\/p>\n<p class=\"p1 c5\"><span class=\"c3\">\u00ab\u00a0Ils sont partis (de Libye). Ils formaient un groupe d&rsquo;au moins 120 personnes. Ils ont eu des probl\u00e8mes tr\u00e8s rapidement. Ils ont commenc\u00e9 \u00e0 prendre de l&rsquo;eau. Certains sont tomb\u00e9s par-dessus bord et au moins six d&rsquo;entre eux sont morts. Deux personnes, en voyant un bateau au loin, esp\u00e9rant trouver des secours, se sont aussi jet\u00e9es \u00e0 l&rsquo;eau et sont mortes. 41 autres personnes sont port\u00e9es disparues. Un seul corps a \u00e9t\u00e9 retrouv\u00e9. Ils ont disparu pendant la dure op\u00e9ration de sauvetage men\u00e9e par le navire marchand, le Vos Triton\u00a0\u00bb a expliqu\u00e9 Carlotta Sami, porte-parole du Haut Commissariat aux R\u00e9fugi\u00e9s en Italie.<\/span><\/p>\n<p class=\"p1 c4\">\u00a0<\/p>\n<p class=\"p1 c5\"><span class=\"c3\">Depuis le d\u00e9but de l&rsquo;ann\u00e9e, le nombre de morts et de disparus dans cette zone s&rsquo;\u00e9l\u00e8ve \u00e0 quelque 160 personnes. Le HCR appelle les pays europ\u00e9ens \u00e0 reprendre et \u00e0 renforcer le syst\u00e8me de recherche et de sauvetage en M\u00e9diterran\u00e9e. Selon l&rsquo;agence des Nations unies pour les migrations environ 3 600 personnes ont \u00e9t\u00e9 renvoy\u00e9es en Libye ces deux derniers mois.<\/span><\/p>\n<\/div>\n<\/div>\n<\/article>\n<p>Auteur: letemps1<br \/>\n<a href=\"http:\/\/www.letemps.com.tn\/article\/119473\/50-migrants-se-sont-noy%C3%A9s-et-les-survivants-accueillis-en-italie\">Cliquez ici pour lire l&rsquo;article depuis sa source.<\/a><\/p>\n","protected":false},"excerpt":{"rendered":"<p>NAUFRAGE MEURTRIER EN MEDITERRANEE Vendredi 26 F\u00e9vrier 2021 [embedded content] Le Temps- Agences- Au moins 50 migrants se sont noy\u00e9s lorsque leur bateau a chavir\u00e9 en M\u00e9diterran\u00e9e centrale a annonc\u00e9 l&rsquo;ONU. C&rsquo;est le dernier naufrage en date qui implique des migrants ayant voulu fuir le conflit en Libye pour chercher une vie meilleure en Europe. [&hellip;]<\/p>\n","protected":false},"author":1773,"featured_media":0,"comment_status":"closed","ping_status":"closed","sticky":false,"template":"","format":"standard","meta":{"fifu_image_url":"http:\/\/www.letemps.com.tn\/sites\/all\/modules\/print\/icons\/print_icon.gif","fifu_image_alt":"50 migrants se sont noy\u00e9s  et les survivants accueillis en Italie","footnotes":""},"categories":[73,55],"tags":[],"class_list":["post-112089","post","type-post","status-publish","format-standard","hentry","category-actualite","category-tunisie"],"_links":{"self":[{"href":"https:\/\/linitiative.ca\/International\/wp-json\/wp\/v2\/posts\/112089","targetHints":{"allow":["GET"]}}],"collection":[{"href":"https:\/\/linitiative.ca\/International\/wp-json\/wp\/v2\/posts"}],"about":[{"href":"https:\/\/linitiative.ca\/International\/wp-json\/wp\/v2\/types\/post"}],"author":[{"embeddable":true,"href":"https:\/\/linitiative.ca\/International\/wp-json\/wp\/v2\/users\/1773"}],"replies":[{"embeddable":true,"href":"https:\/\/linitiative.ca\/International\/wp-json\/wp\/v2\/comments?post=112089"}],"version-history":[{"count":0,"href":"https:\/\/linitiative.ca\/International\/wp-json\/wp\/v2\/posts\/112089\/revisions"}],"wp:attachment":[{"href":"https:\/\/linitiative.ca\/International\/wp-json\/wp\/v2\/media?parent=112089"}],"wp:term":[{"taxonomy":"category","embeddable":true,"href":"https:\/\/linitiative.ca\/International\/wp-json\/wp\/v2\/categories?post=112089"},{"taxonomy":"post_tag","embeddable":true,"href":"https:\/\/linitiative.ca\/International\/wp-json\/wp\/v2\/tags?post=112089"}],"curies":[{"name":"wp","href":"https:\/\/api.w.org\/{rel}","templated":true}]}}