{"id":112092,"date":"2021-02-26T15:14:10","date_gmt":"2021-02-26T20:14:10","guid":{"rendered":"https:\/\/linitiative.ca\/International\/pros-gattuso-elogieux-envers-ghoulam\/"},"modified":"2021-02-26T15:14:10","modified_gmt":"2021-02-26T20:14:10","slug":"pros-gattuso-elogieux-envers-ghoulam","status":"publish","type":"post","link":"https:\/\/linitiative.ca\/International\/pros-gattuso-elogieux-envers-ghoulam\/","title":{"rendered":"Pros : Gattuso \u00e9logieux envers Ghoulam !"},"content":{"rendered":"<div readability=\"32\">\n<p>Auteur : <span>Moumen A.<\/span> <span class=\"time\">vendredi 26 f\u00e9vrier 2021 15:19<\/span><\/p>\n<\/div>\n<div id=\"post_core\" readability=\"42\">\n<p>L\u2019arri\u00e8re gauche alg\u00e9rien de Naples SSC a sign\u00e9 un retour fracassant \u00e0 la comp\u00e9tition jeudi en Europa League lors du match retour gagn\u00e9 par son \u00e9quipe contre Granada CF. L\u2019ancien joueur de l\u2019AS Saint \u2013 Etienne a \u00e9t\u00e9 intronis\u00e9 apr\u00e8s la pause par son entraineur Gennaro Gattuso. Positionn\u00e9 \u00e0 gauche l\u2019ex St\u00e9phanois a sorti sa meilleure mi-temps de l\u2019ann\u00e9e avec un rendement des plus reluisants qui n\u2019a malheureusement pas suffit \u00e0 Naples pour se qualifier en huiti\u00e8me de finale. Battus deux buts \u00e0 z\u00e9ro au match aller, les napolitains quittent donc cette \u00e9preuve, en d\u00e9pit de leur succ\u00e8s deux buts \u00e0 un au stade Diego Armando Maradona. Dans une d\u00e9claration d&rsquo;apr\u00e8s match, Gennaro Gattuso a d\u00e9clar\u00e9, \u00ab Si Ghoulam joue comme aujourd&rsquo;hui avec autant de qualit\u00e9 et d&rsquo;engagement, il peut nous donner un coup de main pour la fin de saison. En ce moment nous avons besoin de tout le monde \u00bb.<\/p>\n<p><strong>Moumen A.<\/strong><\/p>\n<p><strong>Publi\u00e9 dans :<\/strong> <span>faouzi ghoulam<\/span> <span>Gennaro Gattuso<\/span> <span>djamel belmadi<\/span><\/p>\n<\/div>\n<p>Auteur:<br \/>\n<a href=\"http:\/\/www.lebuteur.com\/article\/detail?titre=gattuso-elogieux-envers-ghoulam&#038;id=99206&#038;utm_source=feedburner&#038;utm_medium=feed&#038;utm_campaign=Feed%3A+GalerieFArtciles+%28Les+derniers+articles++-+lebuteur.com%29\">Cliquez ici pour lire l&rsquo;article depuis sa source.<\/a><\/p>\n","protected":false},"excerpt":{"rendered":"<p>Auteur : Moumen A. vendredi 26 f\u00e9vrier 2021 15:19 L\u2019arri\u00e8re gauche alg\u00e9rien de Naples SSC a sign\u00e9 un retour fracassant \u00e0 la comp\u00e9tition jeudi en Europa League lors du match retour gagn\u00e9 par son \u00e9quipe contre Granada CF. L\u2019ancien joueur de l\u2019AS Saint \u2013 Etienne a \u00e9t\u00e9 intronis\u00e9 apr\u00e8s la pause par son entraineur Gennaro [&hellip;]<\/p>\n","protected":false},"author":1738,"featured_media":0,"comment_status":"closed","ping_status":"closed","sticky":false,"template":"","format":"standard","meta":{"fifu_image_url":"\/\/cdn.lebuteur.com\/data\/images\/article\/thumbs\/large-gattuso-elogieux-envers-ghoulam-d706f.jpg","fifu_image_alt":"Pros : Gattuso \u00e9logieux envers Ghoulam !","footnotes":""},"categories":[53,75],"tags":[],"class_list":["post-112092","post","type-post","status-publish","format-standard","hentry","category-algerie","category-sport"],"_links":{"self":[{"href":"https:\/\/linitiative.ca\/International\/wp-json\/wp\/v2\/posts\/112092","targetHints":{"allow":["GET"]}}],"collection":[{"href":"https:\/\/linitiative.ca\/International\/wp-json\/wp\/v2\/posts"}],"about":[{"href":"https:\/\/linitiative.ca\/International\/wp-json\/wp\/v2\/types\/post"}],"author":[{"embeddable":true,"href":"https:\/\/linitiative.ca\/International\/wp-json\/wp\/v2\/users\/1738"}],"replies":[{"embeddable":true,"href":"https:\/\/linitiative.ca\/International\/wp-json\/wp\/v2\/comments?post=112092"}],"version-history":[{"count":0,"href":"https:\/\/linitiative.ca\/International\/wp-json\/wp\/v2\/posts\/112092\/revisions"}],"wp:attachment":[{"href":"https:\/\/linitiative.ca\/International\/wp-json\/wp\/v2\/media?parent=112092"}],"wp:term":[{"taxonomy":"category","embeddable":true,"href":"https:\/\/linitiative.ca\/International\/wp-json\/wp\/v2\/categories?post=112092"},{"taxonomy":"post_tag","embeddable":true,"href":"https:\/\/linitiative.ca\/International\/wp-json\/wp\/v2\/tags?post=112092"}],"curies":[{"name":"wp","href":"https:\/\/api.w.org\/{rel}","templated":true}]}}