{"id":112093,"date":"2021-02-26T15:14:12","date_gmt":"2021-02-26T20:14:12","guid":{"rendered":"https:\/\/linitiative.ca\/International\/pros-al-sadd-remporte-la-coupe-du-qatar-grace-a-un-double-de-bounedjah-video\/"},"modified":"2021-02-26T15:14:12","modified_gmt":"2021-02-26T20:14:12","slug":"pros-al-sadd-remporte-la-coupe-du-qatar-grace-a-un-double-de-bounedjah-video","status":"publish","type":"post","link":"https:\/\/linitiative.ca\/International\/pros-al-sadd-remporte-la-coupe-du-qatar-grace-a-un-double-de-bounedjah-video\/","title":{"rendered":"Pros : Al Sadd remporte la coupe du Qatar gr\u00e2ce \u00e0 un doubl\u00e9 de Bounedjah (Vid\u00e9o)"},"content":{"rendered":"<div readability=\"32\">\n<p>Auteur : <span class=\"time\">vendredi 26 f\u00e9vrier 2021 16:12<\/span><\/p>\n<\/div>\n<div id=\"post_core\" readability=\"42\">\n<p>L\u2019attaquant Alg\u00e9rien d\u2019Al Sadd, Baghdad Bounedjah s&rsquo;est offert un doubl\u00e9 aujourd\u2019hui en finale de la coupe du Qatar face \u00e0 Al Duhail. Align\u00e9, comme \u00e0 son habitude, d\u2019entr\u00e9e de jeu par son entra\u00eeneur, Xavi Hernandez, l\u2019enfant d\u2019Oran a ouvert le score pour son \u00e9quipe \u00e0 la 9\u2019 de jeu, avant d&rsquo;ajouter le second but \u00e0 la 77&prime; de jeu. Au final, Al Sadd s&rsquo;est impos\u00e9 sur le score de deux buts \u00e0 z\u00e9ro face \u00e0 Al Duhail&#8230;<\/p>\n<p><iframe loading=\"lazy\" allow=\"accelerometer; autoplay; clipboard-write; encrypted-media; gyroscope; picture-in-picture\" allowfullscreen=\"allowfullscreen\" frameborder=\"0\" height=\"315\" src=\"https:\/\/www.youtube.com\/embed\/juDkzBQO2pI\" width=\"560\">[embedded content]<\/iframe><\/p>\n<p><iframe loading=\"lazy\" allow=\"accelerometer; autoplay; clipboard-write; encrypted-media; gyroscope; picture-in-picture\" allowfullscreen=\"allowfullscreen\" frameborder=\"0\" height=\"315\" src=\"https:\/\/www.youtube.com\/embed\/TmOF4TLf_XY\" width=\"560\">[embedded content]<\/iframe><\/p>\n<p><strong>Publi\u00e9 dans :<\/strong> <span>Bounedjah<\/span><\/p>\n<\/div>\n<p>Auteur:<br \/>\n<a href=\"http:\/\/www.lebuteur.com\/article\/detail?titre=al-sadd-remporte-la-coupe-du-qatar-grace-a-un-double-de-bounedjah-video&#038;id=99207&#038;utm_source=feedburner&#038;utm_medium=feed&#038;utm_campaign=Feed%3A+GalerieFArtciles+%28Les+derniers+articles++-+lebuteur.com%29\">Cliquez ici pour lire l&rsquo;article depuis sa source.<\/a><\/p>\n","protected":false},"excerpt":{"rendered":"<p>Auteur : vendredi 26 f\u00e9vrier 2021 16:12 L\u2019attaquant Alg\u00e9rien d\u2019Al Sadd, Baghdad Bounedjah s&rsquo;est offert un doubl\u00e9 aujourd\u2019hui en finale de la coupe du Qatar face \u00e0 Al Duhail. Align\u00e9, comme \u00e0 son habitude, d\u2019entr\u00e9e de jeu par son entra\u00eeneur, Xavi Hernandez, l\u2019enfant d\u2019Oran a ouvert le score pour son \u00e9quipe \u00e0 la 9\u2019 de [&hellip;]<\/p>\n","protected":false},"author":1738,"featured_media":0,"comment_status":"closed","ping_status":"closed","sticky":false,"template":"","format":"standard","meta":{"fifu_image_url":"\/\/cdn.lebuteur.com\/data\/images\/article\/thumbs\/large-99207al-sadd-remporte-la-coupe-du-qatar-grace-a-un-double-de-bounedjah-video-fb905.jpg","fifu_image_alt":"Pros : Al Sadd remporte la coupe du Qatar gr\u00e2ce \u00e0 un doubl\u00e9 de Bounedjah (Vid\u00e9o)","footnotes":""},"categories":[53,75],"tags":[],"class_list":["post-112093","post","type-post","status-publish","format-standard","hentry","category-algerie","category-sport"],"_links":{"self":[{"href":"https:\/\/linitiative.ca\/International\/wp-json\/wp\/v2\/posts\/112093","targetHints":{"allow":["GET"]}}],"collection":[{"href":"https:\/\/linitiative.ca\/International\/wp-json\/wp\/v2\/posts"}],"about":[{"href":"https:\/\/linitiative.ca\/International\/wp-json\/wp\/v2\/types\/post"}],"author":[{"embeddable":true,"href":"https:\/\/linitiative.ca\/International\/wp-json\/wp\/v2\/users\/1738"}],"replies":[{"embeddable":true,"href":"https:\/\/linitiative.ca\/International\/wp-json\/wp\/v2\/comments?post=112093"}],"version-history":[{"count":0,"href":"https:\/\/linitiative.ca\/International\/wp-json\/wp\/v2\/posts\/112093\/revisions"}],"wp:attachment":[{"href":"https:\/\/linitiative.ca\/International\/wp-json\/wp\/v2\/media?parent=112093"}],"wp:term":[{"taxonomy":"category","embeddable":true,"href":"https:\/\/linitiative.ca\/International\/wp-json\/wp\/v2\/categories?post=112093"},{"taxonomy":"post_tag","embeddable":true,"href":"https:\/\/linitiative.ca\/International\/wp-json\/wp\/v2\/tags?post=112093"}],"curies":[{"name":"wp","href":"https:\/\/api.w.org\/{rel}","templated":true}]}}