{"id":112095,"date":"2021-02-26T15:14:17","date_gmt":"2021-02-26T20:14:17","guid":{"rendered":"https:\/\/linitiative.ca\/International\/pros-dijon-benzia-retrouve-le-groupe-pour-la-premiere-fois-en-un-an\/"},"modified":"2021-02-26T15:14:17","modified_gmt":"2021-02-26T20:14:17","slug":"pros-dijon-benzia-retrouve-le-groupe-pour-la-premiere-fois-en-un-an","status":"publish","type":"post","link":"https:\/\/linitiative.ca\/International\/pros-dijon-benzia-retrouve-le-groupe-pour-la-premiere-fois-en-un-an\/","title":{"rendered":"Pros : Dijon : Benzia retrouve le groupe pour la premi\u00e8re fois en un an"},"content":{"rendered":"<div readability=\"32\">\n<p>Auteur : <span class=\"time\">vendredi 26 f\u00e9vrier 2021 20:25<\/span><\/p>\n<\/div>\n<div id=\"post_core\" readability=\"42\">\n<p>Et ce retour, l&rsquo;international alg\u00e9rien le fait plus d&rsquo;un an apr\u00e8s son dernier match ! Il faut remonter au 15 f\u00e9vrier 2020 et un nul contre Bordeaux (2-2) pour retrouver trace de la derni\u00e8re apparition de l&rsquo;ancien Lyonnais dans le championnat de France comme l&rsquo;indique Maxifoot.<\/p>\n<p>Le 28 mai dernier, Benzia \u00e9tait victime d&rsquo;un grave accident de buggy qui avait n\u00e9cessit\u00e9 une op\u00e9ration en urgence de sa main gauche. L&rsquo;international alg\u00e9rien avait \u00e9galement d\u00fb subir ensuite une greffe de la peau. Apr\u00e8s plusieurs mois difficiles, il est donc pr\u00eat \u00e0 reprendre la comp\u00e9tition.<\/p>\n<p><strong>Publi\u00e9 dans :<\/strong> <span>benzia<\/span><\/p>\n<\/div>\n<p>Auteur:<br \/>\n<a href=\"http:\/\/www.lebuteur.com\/article\/detail?titre=dijon-benzia-retrouve-le-groupe-pour-la-premiere-fois-en-un-an&#038;id=99209&#038;utm_source=feedburner&#038;utm_medium=feed&#038;utm_campaign=Feed%3A+GalerieFArtciles+%28Les+derniers+articles++-+lebuteur.com%29\">Cliquez ici pour lire l&rsquo;article depuis sa source.<\/a><\/p>\n","protected":false},"excerpt":{"rendered":"<p>Auteur : vendredi 26 f\u00e9vrier 2021 20:25 Et ce retour, l&rsquo;international alg\u00e9rien le fait plus d&rsquo;un an apr\u00e8s son dernier match ! Il faut remonter au 15 f\u00e9vrier 2020 et un nul contre Bordeaux (2-2) pour retrouver trace de la derni\u00e8re apparition de l&rsquo;ancien Lyonnais dans le championnat de France comme l&rsquo;indique Maxifoot. Le 28 [&hellip;]<\/p>\n","protected":false},"author":1738,"featured_media":0,"comment_status":"closed","ping_status":"closed","sticky":false,"template":"","format":"standard","meta":{"fifu_image_url":"\/\/cdn.lebuteur.com\/data\/images\/article\/thumbs\/large-dijon-benzia-retrouve-le-groupe-pour-la-premiere-fois-en-un-an-af766.jpg","fifu_image_alt":"Pros : Dijon : Benzia retrouve le groupe pour la premi\u00e8re fois en un an","footnotes":""},"categories":[53,75],"tags":[],"class_list":["post-112095","post","type-post","status-publish","format-standard","hentry","category-algerie","category-sport"],"_links":{"self":[{"href":"https:\/\/linitiative.ca\/International\/wp-json\/wp\/v2\/posts\/112095","targetHints":{"allow":["GET"]}}],"collection":[{"href":"https:\/\/linitiative.ca\/International\/wp-json\/wp\/v2\/posts"}],"about":[{"href":"https:\/\/linitiative.ca\/International\/wp-json\/wp\/v2\/types\/post"}],"author":[{"embeddable":true,"href":"https:\/\/linitiative.ca\/International\/wp-json\/wp\/v2\/users\/1738"}],"replies":[{"embeddable":true,"href":"https:\/\/linitiative.ca\/International\/wp-json\/wp\/v2\/comments?post=112095"}],"version-history":[{"count":0,"href":"https:\/\/linitiative.ca\/International\/wp-json\/wp\/v2\/posts\/112095\/revisions"}],"wp:attachment":[{"href":"https:\/\/linitiative.ca\/International\/wp-json\/wp\/v2\/media?parent=112095"}],"wp:term":[{"taxonomy":"category","embeddable":true,"href":"https:\/\/linitiative.ca\/International\/wp-json\/wp\/v2\/categories?post=112095"},{"taxonomy":"post_tag","embeddable":true,"href":"https:\/\/linitiative.ca\/International\/wp-json\/wp\/v2\/tags?post=112095"}],"curies":[{"name":"wp","href":"https:\/\/api.w.org\/{rel}","templated":true}]}}