{"id":112096,"date":"2021-02-26T05:44:10","date_gmt":"2021-02-26T10:44:10","guid":{"rendered":"https:\/\/linitiative.ca\/International\/institut-cervantes-a-alger-communication-alger-dans-la-fiction-theatrale-lopesque\/"},"modified":"2021-02-26T05:44:10","modified_gmt":"2021-02-26T10:44:10","slug":"institut-cervantes-a-alger-communication-alger-dans-la-fiction-theatrale-lopesque","status":"publish","type":"post","link":"https:\/\/linitiative.ca\/International\/institut-cervantes-a-alger-communication-alger-dans-la-fiction-theatrale-lopesque\/","title":{"rendered":"Institut Cervant\u00e8s \u00e0 Alger\u00a0: Communication \u00ab\u00a0Alger dans la fiction th\u00e9\u00e2trale Lopesque\u00a0\u00bb"},"content":{"rendered":"<h4 class=\"title-14\"\/>\n<div class=\"featured_image\"><img loading=\"lazy\" decoding=\"async\" width=\"534\" height=\"756\" src=\"https:\/\/www.elwatan.com\/wp-content\/uploads\/2021\/02\/CONFERNCE-ARGEL.png\" class=\"attachment-post-thumbnail size-post-thumbnail wp-post-image\" alt=\"\" srcset=\"https:\/\/www.elwatan.com\/wp-content\/uploads\/2021\/02\/CONFERNCE-ARGEL.png 534w, https:\/\/www.elwatan.com\/wp-content\/uploads\/2021\/02\/CONFERNCE-ARGEL-212x300.png 212w\" sizes=\"auto, (max-width: 534px) 100vw, 534px\"\/><\/div>\n<p>A l\u2019occasion de la reprise des activit\u00e9s culturelles en pr\u00e9sentiel, l\u2019Ambassade d\u2019Espagne en Alg\u00e9rie et \u00a0l\u2019Instituto Cervantes d\u2019Alger organisent demain samedi, 27 f\u00e9vrier, \u00e0 15h30 au niveau de la Salles des Actes de l\u2019Institut Cervant\u00e8s d\u2019Alger, une rencontre intitul\u00e9e \u00ab\u00a0Alger dans la fiction th\u00e9\u00e2trale Lopesque\u00a0\u00bb avec les hispanistes et notamment avec Mohamed Salah Mounir. Elle\u00a0 sera mod\u00e9r\u00e9e par Ana Isabel Reguillo Pelayo.<\/p>\n<p>L\u2019objectif essentiel de cette communication \u00a0consiste fondamentalement \u00e0 mettre en relief l\u2019apport de Lope de \u00a0Vega , le F\u00e9nix de la Litt\u00e9rature Espagnole, dans le genre th\u00e9\u00e2tral afin de le contraster avec la production th\u00e9\u00e2trale de Miguel de Cervant\u00e8s li\u00e9e aux com\u00e9dies sur la captivit\u00e9. Malgr\u00e9 le fait de ne jamais avoir pu visiter Alger \u00ab\u00a0ottomane\u00a0\u00bb, Lope Vega ,\u00e9tant le p\u00e8re du th\u00e9\u00e2tre espagnol, a produit une vingtaine de com\u00e9dies dramatiques sur la captivit\u00e9 alg\u00e9rienne, en centrant l\u2019int\u00e9r\u00eat sur la question religieuse et le th\u00e8me amoureux.<\/p>\n<p>Th\u00e8mes r\u00e9currents au sein de ces com\u00e9dies. Ainsi, Lope \u00a0de Vega , gr\u00e2ce \u00e0 son \u00ab nouvel art de r\u00e9aliser des com\u00e9dies \u00bb, \u00a0a r\u00e9volutionn\u00e9 le th\u00e9\u00e2tre espagnol de son \u00e9poque en r\u00e9duisant le nombre d\u2019actes \u00a0\u00e0 \u00a0trois au lieu de cinq, et en introduisant \u00e0 \u00a0la fois l\u2019\u00e9l\u00e9ment comique avec le tragique et le noble avec le pl\u00e9b\u00e9ien. Sans aucun doute, Lope a eu une grande influence dans le th\u00e9\u00e2tre occidental et ses \u0153uvres ont \u00e9t\u00e9 l\u2019objet de nombreuses \u00e9tudes de la par des auteurs nord-am\u00e9ricains et italiens.<\/p>\n<p>Acc\u00e8s gratuit lors de l\u2019inscription:\u00a0<a href=\"\/cdn-cgi\/l\/email-protection#f0839593918297b093958286919e849583de9583\"><span class=\"__cf_email__\" data-cfemail=\"4d3e282e2c3f2a0d2e283f3b2c2339283e63283e\">[email\u00a0protected]<\/span><\/a>\u00a0Places limit\u00e9es.<\/p>\n<p><span class=\"post-views-label\">Post Views:<\/span> <span class=\"post-views-count\">117<\/span><\/p>\n<p><br class=\"c2\"\/><\/p>\n<div class=\"ichhar-moneytagnative c5\" id=\"ichhar-1073473452\">\n<p>Advertisements<\/p>\n<\/div>\n<p><br class=\"c2\"\/><br \/>\n<br class=\"c6\"\/><\/p>\n<p>Auteur: Mohand Yahiaoui<br \/>\n<a href=\"https:\/\/www.elwatan.com\/edition\/culture\/institut-cervantes-a-alger-communication-alger-dans-la-fiction-theatrale-lopesque-26-02-2021\">Cliquez ici pour lire l&rsquo;article depuis sa source.<\/a><\/p>\n","protected":false},"excerpt":{"rendered":"<p>A l\u2019occasion de la reprise des activit\u00e9s culturelles en pr\u00e9sentiel, l\u2019Ambassade d\u2019Espagne en Alg\u00e9rie et \u00a0l\u2019Instituto Cervantes d\u2019Alger organisent demain samedi, 27 f\u00e9vrier, \u00e0 15h30 au niveau de la Salles des Actes de l\u2019Institut Cervant\u00e8s d\u2019Alger, une rencontre intitul\u00e9e \u00ab\u00a0Alger dans la fiction th\u00e9\u00e2trale Lopesque\u00a0\u00bb avec les hispanistes et notamment avec Mohamed Salah Mounir. Elle\u00a0 [&hellip;]<\/p>\n","protected":false},"author":1743,"featured_media":0,"comment_status":"closed","ping_status":"closed","sticky":false,"template":"","format":"standard","meta":{"fifu_image_url":"https:\/\/www.elwatan.com\/wp-content\/uploads\/2021\/02\/CONFERNCE-ARGEL.png","fifu_image_alt":"Institut Cervant\u00e8s \u00e0 Alger\u00a0: Communication \u00ab\u00a0Alger dans la fiction th\u00e9\u00e2trale Lopesque\u00a0\u00bb","footnotes":""},"categories":[73,53],"tags":[],"class_list":["post-112096","post","type-post","status-publish","format-standard","hentry","category-actualite","category-algerie"],"_links":{"self":[{"href":"https:\/\/linitiative.ca\/International\/wp-json\/wp\/v2\/posts\/112096","targetHints":{"allow":["GET"]}}],"collection":[{"href":"https:\/\/linitiative.ca\/International\/wp-json\/wp\/v2\/posts"}],"about":[{"href":"https:\/\/linitiative.ca\/International\/wp-json\/wp\/v2\/types\/post"}],"author":[{"embeddable":true,"href":"https:\/\/linitiative.ca\/International\/wp-json\/wp\/v2\/users\/1743"}],"replies":[{"embeddable":true,"href":"https:\/\/linitiative.ca\/International\/wp-json\/wp\/v2\/comments?post=112096"}],"version-history":[{"count":0,"href":"https:\/\/linitiative.ca\/International\/wp-json\/wp\/v2\/posts\/112096\/revisions"}],"wp:attachment":[{"href":"https:\/\/linitiative.ca\/International\/wp-json\/wp\/v2\/media?parent=112096"}],"wp:term":[{"taxonomy":"category","embeddable":true,"href":"https:\/\/linitiative.ca\/International\/wp-json\/wp\/v2\/categories?post=112096"},{"taxonomy":"post_tag","embeddable":true,"href":"https:\/\/linitiative.ca\/International\/wp-json\/wp\/v2\/tags?post=112096"}],"curies":[{"name":"wp","href":"https:\/\/api.w.org\/{rel}","templated":true}]}}