{"id":112097,"date":"2021-02-26T13:08:27","date_gmt":"2021-02-26T18:08:27","guid":{"rendered":"https:\/\/linitiative.ca\/International\/encore-un-corps-repeche-a-el-tarf\/"},"modified":"2021-02-26T13:08:27","modified_gmt":"2021-02-26T18:08:27","slug":"encore-un-corps-repeche-a-el-tarf","status":"publish","type":"post","link":"https:\/\/linitiative.ca\/International\/encore-un-corps-repeche-a-el-tarf\/","title":{"rendered":"Encore un corps rep\u00each\u00e9\u00a0\u00e0 El Tarf"},"content":{"rendered":"<h4 class=\"title-14\"\/>\n<p>C\u2019est le deuxi\u00e8me en moins de 10 jours.<\/p>\n<p>Un corps en d\u00e9composition avanc\u00e9 a \u00e9t\u00e9 retrouv\u00e9 ce vendredi vers 16h00 encastr\u00e9 dans les rochers de la digue de l\u2019ancien port d\u2019El Kala (El Tarf)\u00a0 avons-nous appris des services de la protection civile d\u2019El Tarf.<\/p>\n<p>Comme celui rep\u00each\u00e9 le 16 f\u00e9vrier sur la plage de Mechrah\u00a0Laktoun de Berrihane (Lac Des Oiseaux, El Tarf), le corps a visiblement longtemps s\u00e9journ\u00e9 dans l\u2019eau.<\/p>\n<p>Le cadavre ou du moins ce qu\u2019il en reste a \u00e9t\u00e9 transport\u00e9 \u00e0 la morgue de l\u2019h\u00f4pital d\u2019El Kala.<\/p>\n<p>Difficile de dire s\u2019il s\u2019agit de victimes du naufrage d\u2019une embarcation de harraga.<\/p>\n<p>L\u2019enqu\u00eate en cours avec pr\u00e9l\u00e8vement d\u2019ADN, ce qui prendra du temps, ne pourra aboutir que s\u2019il y eu une disparition signal\u00e9e avec le m\u00eame ADN.<\/p>\n<p>Dans le cas\u00a0contraire, il y a de fortes chances que ce soit les corps d\u2019 immigrants clandestins disparus en mer il y a plusieurs\u00a0semaines.<\/p>\n<p><span class=\"post-views-label\">Post Views:<\/span> <span class=\"post-views-count\">63<\/span><\/p>\n<p><br class=\"c2\"\/><\/p>\n<div class=\"ichhar-moneytagnative c5\" id=\"ichhar-1712382554\">\n<p>Advertisements<\/p>\n<\/div>\n<p><br class=\"c2\"\/><br \/>\n<br class=\"c6\"\/><\/p>\n<p>Auteur: Mohand Yahiaoui<br \/>\n<a href=\"https:\/\/www.elwatan.com\/regions\/est\/actu-est\/encore-un-corps-repeche-a-el-tarf-26-02-2021\">Cliquez ici pour lire l&rsquo;article depuis sa source.<\/a><\/p>\n","protected":false},"excerpt":{"rendered":"<p>C\u2019est le deuxi\u00e8me en moins de 10 jours. Un corps en d\u00e9composition avanc\u00e9 a \u00e9t\u00e9 retrouv\u00e9 ce vendredi vers 16h00 encastr\u00e9 dans les rochers de la digue de l\u2019ancien port d\u2019El Kala (El Tarf)\u00a0 avons-nous appris des services de la protection civile d\u2019El Tarf. Comme celui rep\u00each\u00e9 le 16 f\u00e9vrier sur la plage de Mechrah\u00a0Laktoun [&hellip;]<\/p>\n","protected":false},"author":1743,"featured_media":0,"comment_status":"closed","ping_status":"closed","sticky":false,"template":"","format":"standard","meta":{"fifu_image_url":"","fifu_image_alt":"","footnotes":""},"categories":[73,53],"tags":[],"class_list":["post-112097","post","type-post","status-publish","format-standard","hentry","category-actualite","category-algerie"],"_links":{"self":[{"href":"https:\/\/linitiative.ca\/International\/wp-json\/wp\/v2\/posts\/112097","targetHints":{"allow":["GET"]}}],"collection":[{"href":"https:\/\/linitiative.ca\/International\/wp-json\/wp\/v2\/posts"}],"about":[{"href":"https:\/\/linitiative.ca\/International\/wp-json\/wp\/v2\/types\/post"}],"author":[{"embeddable":true,"href":"https:\/\/linitiative.ca\/International\/wp-json\/wp\/v2\/users\/1743"}],"replies":[{"embeddable":true,"href":"https:\/\/linitiative.ca\/International\/wp-json\/wp\/v2\/comments?post=112097"}],"version-history":[{"count":0,"href":"https:\/\/linitiative.ca\/International\/wp-json\/wp\/v2\/posts\/112097\/revisions"}],"wp:attachment":[{"href":"https:\/\/linitiative.ca\/International\/wp-json\/wp\/v2\/media?parent=112097"}],"wp:term":[{"taxonomy":"category","embeddable":true,"href":"https:\/\/linitiative.ca\/International\/wp-json\/wp\/v2\/categories?post=112097"},{"taxonomy":"post_tag","embeddable":true,"href":"https:\/\/linitiative.ca\/International\/wp-json\/wp\/v2\/tags?post=112097"}],"curies":[{"name":"wp","href":"https:\/\/api.w.org\/{rel}","templated":true}]}}