{"id":112105,"date":"2021-02-26T15:54:56","date_gmt":"2021-02-26T20:54:56","guid":{"rendered":"https:\/\/linitiative.ca\/International\/gouvernement-mustapha-ramid-jette-leponge\/"},"modified":"2021-02-26T15:54:56","modified_gmt":"2021-02-26T20:54:56","slug":"gouvernement-mustapha-ramid-jette-leponge","status":"publish","type":"post","link":"https:\/\/linitiative.ca\/International\/gouvernement-mustapha-ramid-jette-leponge\/","title":{"rendered":"Gouvernement :  Mustapha Ramid jette l\u2019\u00e9ponge"},"content":{"rendered":"<p><strong>Le ministre des Droits de l\u2019Homme, Mustapha Ramid, quitte le gouvernement.\u00a0<\/strong><\/p>\n<div class=\"c10\">\n<\/div>\n<p>De sources concordantes, on apprend que le ministre des Droits de l\u2019Homme, Mustapha Ramid, a remis ce vendredi 26 f\u00e9vrier 2021, sa lettre de d\u00e9mission au Chef du gouvernement. Le ministre\u00a0 a \u00e9voqu\u00e9 des raisons de sant\u00e9 d\u00e9coulant sur son incapacit\u00e9 \u00e0 assumer les responsabilit\u00e9s qui lui incombe. Il exhorte d\u2019ailleurs le Chef du gouvernement \u00e0 soumettre sa demande de d\u00e9mission \u00e0 l\u2019appr\u00e9ciation de SM le Roi.<\/p>\n<p><strong>Lire aussi|<a href=\"https:\/\/www.challenge.ma\/tanger-med-tous-les-indicateurs-de-lactivite-portuaire-sont-au-vert-au-4eme-trimestre-2020-176492\/\">Tanger Med : tous les indicateurs de l\u2019activit\u00e9 portuaire sont au vert au 4\u00e8me trimestre 2020<\/a><\/strong><\/p>\n<p>Auteur: challenge<br \/>\n<a href=\"https:\/\/www.challenge.ma\/gouvernement-mustapha-ramid-jette-leponge-176559\/\">Cliquez ici pour lire l&rsquo;article depuis sa source.<\/a><\/p>\n","protected":false},"excerpt":{"rendered":"<p>Le ministre des Droits de l\u2019Homme, Mustapha Ramid, quitte le gouvernement.\u00a0 De sources concordantes, on apprend que le ministre des Droits de l\u2019Homme, Mustapha Ramid, a remis ce vendredi 26 f\u00e9vrier 2021, sa lettre de d\u00e9mission au Chef du gouvernement. Le ministre\u00a0 a \u00e9voqu\u00e9 des raisons de sant\u00e9 d\u00e9coulant sur son incapacit\u00e9 \u00e0 assumer les [&hellip;]<\/p>\n","protected":false},"author":1787,"featured_media":0,"comment_status":"closed","ping_status":"closed","sticky":false,"template":"","format":"standard","meta":{"fifu_image_url":"","fifu_image_alt":"","footnotes":""},"categories":[78,54],"tags":[],"class_list":["post-112105","post","type-post","status-publish","format-standard","hentry","category-economie","category-maroc"],"_links":{"self":[{"href":"https:\/\/linitiative.ca\/International\/wp-json\/wp\/v2\/posts\/112105","targetHints":{"allow":["GET"]}}],"collection":[{"href":"https:\/\/linitiative.ca\/International\/wp-json\/wp\/v2\/posts"}],"about":[{"href":"https:\/\/linitiative.ca\/International\/wp-json\/wp\/v2\/types\/post"}],"author":[{"embeddable":true,"href":"https:\/\/linitiative.ca\/International\/wp-json\/wp\/v2\/users\/1787"}],"replies":[{"embeddable":true,"href":"https:\/\/linitiative.ca\/International\/wp-json\/wp\/v2\/comments?post=112105"}],"version-history":[{"count":0,"href":"https:\/\/linitiative.ca\/International\/wp-json\/wp\/v2\/posts\/112105\/revisions"}],"wp:attachment":[{"href":"https:\/\/linitiative.ca\/International\/wp-json\/wp\/v2\/media?parent=112105"}],"wp:term":[{"taxonomy":"category","embeddable":true,"href":"https:\/\/linitiative.ca\/International\/wp-json\/wp\/v2\/categories?post=112105"},{"taxonomy":"post_tag","embeddable":true,"href":"https:\/\/linitiative.ca\/International\/wp-json\/wp\/v2\/tags?post=112105"}],"curies":[{"name":"wp","href":"https:\/\/api.w.org\/{rel}","templated":true}]}}