{"id":112109,"date":"2021-02-26T16:55:24","date_gmt":"2021-02-26T21:55:24","guid":{"rendered":"https:\/\/linitiative.ca\/International\/tunisie-ben-hammouda-il-est-urgent-de-declarer-letat-durgence-economique\/"},"modified":"2021-02-26T16:55:24","modified_gmt":"2021-02-26T21:55:24","slug":"tunisie-ben-hammouda-il-est-urgent-de-declarer-letat-durgence-economique","status":"publish","type":"post","link":"https:\/\/linitiative.ca\/International\/tunisie-ben-hammouda-il-est-urgent-de-declarer-letat-durgence-economique\/","title":{"rendered":"Tunisie \u2013 Ben Hammouda\u00a0: Il est urgent de d\u00e9clarer l\u2019\u00e9tat d\u2019urgence \u00e9conomique"},"content":{"rendered":"<div class=\"post-cont-in left relative\">\n<div id=\"post-info-wrap\" class=\"left relative post-info-out\">\n<div class=\"post-info-img left relative\"><img loading=\"lazy\" decoding=\"async\" alt=\"\" src=\"https:\/\/secure.gravatar.com\/avatar\/047123be9d5e8513774383916ee72db2?s=50&amp;d=mm&amp;r=g\" srcset=\"https:\/\/secure.gravatar.com\/avatar\/047123be9d5e8513774383916ee72db2?s=100&amp;d=mm&amp;r=g 2x\" class=\"avatar avatar-50 photo\" height=\"50\" width=\"50\"\/><\/div>\n<div class=\"post-info-in\">\n<div class=\"post-info-right left relative post-info-name left relative\"><span><span class=\"post-info-text\">Par<\/span> <span class=\"author-name vcard fn author\"><a href=\"https:\/\/www.tunisienumerique.com\/author\/lm\/\" title=\"Articles par LM\" rel=\"author\">LM<\/a><\/span><\/span> <span class=\"post-date updated\"><time class=\"post-date updated\" datetime=\"2021-02-26\">\u00a0| Il y a 23 secondes<\/time><\/span><br \/>\n<meta itemprop=\"dateModified\" content=\"2021-02-26\"\/><\/div>\n<div class=\"left relative\"><button id=\"listenButton1\" class=\"responsivevoice-button\" type=\"button\" value=\"Play\" title=\"\u00c9coutez l'article\"><span>\ud83d\udd0a \u00c9coutez l&rsquo;article<\/span><\/button>\n<\/div>\n<\/div>\n<\/div>\n<p>L\u2019ancien ministre de l\u2019\u00e9conomie Hakim Ben Hammouda a d\u00e9clar\u00e9, ce vendredi, sur les ondes d\u2019une radio priv\u00e9e, que la situation \u00e9conomique en Tunisie est dangereuse et le sera encore plus cette ann\u00e9e.<\/p>\n<div class=\"code-block code-block-1 c4\">\n <ins class=\"adsbygoogle c3\" data-ad-layout=\"in-article\" data-ad-format=\"fluid\" data-ad-client=\"ca-pub-2102118777505746\" data-ad-slot=\"7301775417\"\/>\n<\/div>\n<p>Il a rappel\u00e9 qu\u2019il avait appel\u00e9 \u00e0 d\u00e9cr\u00e9ter l\u2019\u00e9tat d\u2019urgence \u00e9conomique, depuis le mois d\u2019octobre dernier. Chose qui devient n\u00e9cessaire du moment que l\u2019\u00e9conomie et la souverainet\u00e9 du pays sont en jeu, et que celui-ci n\u2019est plus ma\u00eetre de ses d\u00e9cisions.<\/p>\n<p>Ben Hammouda a pr\u00e9cis\u00e9 que cet \u00e9tat d\u2019urgence doit s\u2019accompagner de mesures\u00a0 os\u00e9es et difficiles, comme la suspension de toute nouvelle d\u00e9pense pour les ann\u00e9es 2020 et 2021.<\/p>\n<p>Il a d\u00e9plor\u00e9 que l\u2019Etat soit, maintenant, en train de faire juste le contraire, en concluant des accords qu\u2019il ne pourra jamais tenir et honorer.<\/p>\n<p>Ben Hammouda a appel\u00e9 \u00e0 la tenue du haut conseil de la s\u00fbret\u00e9 nationale pour d\u00e9cider l\u2019\u00e9tat d\u2019urgence \u00e9conomique, puisque la s\u00fbret\u00e9 \u00e9conomique et la souverainet\u00e9 de la Tunisie sont en danger.<\/p>\n<div class=\"swp_social_panel swp_horizontal_panel swp_flat_fresh swp_default_full_color swp_individual_full_color swp_other_full_color scale-100 scale-\" data-min-width=\"1100\" data-float-color=\"#ffffff\" data-float=\"bottom\" data-float-mobile=\"bottom\" data-transition=\"slide\">\n<div class=\"nc_tweetContainer swp_share_button total_shares total_sharesalt\"><span class=\"swp_count\">0 <span class=\"swp_label\">Partages<\/span><\/span><\/div>\n<\/div>\n<p><strong>Que se passe-t-il en Tunisie?<\/strong><br \/>Nous expliquons sur notre <a href=\"https:\/\/www.youtube.com\/channel\/UCRzypVq0B_yBad5eGrwBx0Q?sub_confirmation=1\" target=\"_blank\" rel=\"noopener\">cha\u00eene YouTube<\/a> . <a href=\"https:\/\/www.youtube.com\/channel\/UCRzypVq0B_yBad5eGrwBx0Q?sub_confirmation=1\" target=\"_blank\" rel=\"noopener\">Abonnez-vous!<\/a><\/p>\n<div class=\"mvp-org-wrap\" itemprop=\"publisher\">\n<div class=\"mvp-org-logo\" itemprop=\"logo\"><img decoding=\"async\" src=\"https:\/\/www.tunisienumerique.com\/wp-content\/uploads\/2017\/02\/logo_tunisie_numerique.png\"\/><br \/>\n<meta itemprop=\"url\" content=\"https:\/\/www.tunisienumerique.com\/wp-content\/uploads\/2017\/02\/logo_tunisie_numerique.png\"\/><\/div>\n<p><meta content=\"Tunisie Num\u00e9rique\"\/><\/div>\n<div class=\"mvp-related-posts left relative\">\n<h4 class=\"post-header\"><span class=\"post-header\">Lire aussi<\/span><\/h4>\n<\/div>\n<div id=\"article-ad\">\n <ins class=\"adsbygoogle c5\" data-ad-client=\"ca-pub-2102118777505746\" data-ad-slot=\"6513972734\" data-ad-format=\"auto\" data-full-width-responsive=\"true\"\/>\n<\/div>\n<\/div>\n<div id=\"post-sidebar-wrap\">\n <ins class=\"adsbygoogle c5\" data-ad-client=\"ca-pub-2102118777505746\" data-ad-slot=\"6168283410\" data-ad-format=\"auto\" data-full-width-responsive=\"true\"\/>\n<\/div>\n<p>Auteur: LM<br \/>\n<a href=\"https:\/\/www.tunisienumerique.com\/tunisie-ben-hammouda-il-est-urgent-de-declarer-letat-durgence-economique\/\">Cliquez ici pour lire l&rsquo;article depuis sa source.<\/a><\/p>\n","protected":false},"excerpt":{"rendered":"<p>Par LM \u00a0| Il y a 23 secondes \ud83d\udd0a \u00c9coutez l&rsquo;article L\u2019ancien ministre de l\u2019\u00e9conomie Hakim Ben Hammouda a d\u00e9clar\u00e9, ce vendredi, sur les ondes d\u2019une radio priv\u00e9e, que la situation \u00e9conomique en Tunisie est dangereuse et le sera encore plus cette ann\u00e9e. Il a rappel\u00e9 qu\u2019il avait appel\u00e9 \u00e0 d\u00e9cr\u00e9ter l\u2019\u00e9tat d\u2019urgence \u00e9conomique, depuis [&hellip;]<\/p>\n","protected":false},"author":1789,"featured_media":0,"comment_status":"closed","ping_status":"closed","sticky":false,"template":"","format":"standard","meta":{"fifu_image_url":"https:\/\/secure.gravatar.com\/avatar\/047123be9d5e8513774383916ee72db2?s=50&d=mm&r=g","fifu_image_alt":"Tunisie \u2013 Ben Hammouda\u00a0: Il est urgent de d\u00e9clarer l\u2019\u00e9tat d\u2019urgence \u00e9conomique","footnotes":""},"categories":[73,55],"tags":[],"class_list":["post-112109","post","type-post","status-publish","format-standard","hentry","category-actualite","category-tunisie"],"_links":{"self":[{"href":"https:\/\/linitiative.ca\/International\/wp-json\/wp\/v2\/posts\/112109","targetHints":{"allow":["GET"]}}],"collection":[{"href":"https:\/\/linitiative.ca\/International\/wp-json\/wp\/v2\/posts"}],"about":[{"href":"https:\/\/linitiative.ca\/International\/wp-json\/wp\/v2\/types\/post"}],"author":[{"embeddable":true,"href":"https:\/\/linitiative.ca\/International\/wp-json\/wp\/v2\/users\/1789"}],"replies":[{"embeddable":true,"href":"https:\/\/linitiative.ca\/International\/wp-json\/wp\/v2\/comments?post=112109"}],"version-history":[{"count":0,"href":"https:\/\/linitiative.ca\/International\/wp-json\/wp\/v2\/posts\/112109\/revisions"}],"wp:attachment":[{"href":"https:\/\/linitiative.ca\/International\/wp-json\/wp\/v2\/media?parent=112109"}],"wp:term":[{"taxonomy":"category","embeddable":true,"href":"https:\/\/linitiative.ca\/International\/wp-json\/wp\/v2\/categories?post=112109"},{"taxonomy":"post_tag","embeddable":true,"href":"https:\/\/linitiative.ca\/International\/wp-json\/wp\/v2\/tags?post=112109"}],"curies":[{"name":"wp","href":"https:\/\/api.w.org\/{rel}","templated":true}]}}