{"id":112113,"date":"2021-02-26T03:53:34","date_gmt":"2021-02-26T08:53:34","guid":{"rendered":"https:\/\/linitiative.ca\/International\/cooperation-bilaterale-roch-marc-christian-kabore-en-visite-officielle-a-libreville-ce-vendredi\/"},"modified":"2021-02-26T03:53:34","modified_gmt":"2021-02-26T08:53:34","slug":"cooperation-bilaterale-roch-marc-christian-kabore-en-visite-officielle-a-libreville-ce-vendredi","status":"publish","type":"post","link":"https:\/\/linitiative.ca\/International\/cooperation-bilaterale-roch-marc-christian-kabore-en-visite-officielle-a-libreville-ce-vendredi\/","title":{"rendered":"Coop\u00e9ration bilat\u00e9rale : Roch Marc Christian Kabor\u00e9 en visite officielle \u00e0 Libreville ce vendredi"},"content":{"rendered":"<div class=\"td-post-featured-image\"><a href=\"https:\/\/www.sidwaya.info\/wp-content\/uploads\/2021\/02\/Voyage-PR-Roch-kabore-640.jpg\" data-caption=\"\"><img loading=\"lazy\" decoding=\"async\" width=\"640\" height=\"372\" class=\"entry-thumb td-modal-image\" src=\"https:\/\/www.sidwaya.info\/wp-content\/uploads\/2021\/02\/Voyage-PR-Roch-kabore-640.jpg\" srcset=\"https:\/\/www.sidwaya.info\/wp-content\/uploads\/2021\/02\/Voyage-PR-Roch-kabore-640.jpg 640w, https:\/\/www.sidwaya.info\/wp-content\/uploads\/2021\/02\/Voyage-PR-Roch-kabore-640-300x174.jpg 300w, https:\/\/www.sidwaya.info\/wp-content\/uploads\/2021\/02\/Voyage-PR-Roch-kabore-640-150x87.jpg 150w\" sizes=\"auto, (max-width: 640px) 100vw, 640px\" alt=\"\" title=\"Voyage-PR-Roch-kabor\u00e9-640\"\/><\/a><\/div>\n<p>Le pr\u00e9sident du Faso, Roch Marc Christian Kabor\u00e9 a quitt\u00e9 Ouagadougou ce matin, pour une visite de travail et d\u2019amiti\u00e9 \u00e0 Libreville au Gabon.<\/p>\n<div class=\"o9v6fnle cxmmr5t8 oygrvhab hcukyx3x c1et5uql ii04i59q\" readability=\"13\">\n<p>Au cours de son s\u00e9jour, Roch Marc Christian Kabor\u00e9 aura un entretien avec son homologue gabonais Ali Bongo Ondimba, afin de passer en revue la coop\u00e9ration bilat\u00e9rale entre les deux pays.<\/p>\n<p>Le Burkina Faso et le Gabon ont tenu la premi\u00e8re session de leur commission mixte de Coop\u00e9ration en 2012 \u00e0 Ouagadougou.<\/p>\n<\/div>\n<p>Direction de la communication de la pr\u00e9sidence du Faso<\/p>\n<div class=\"td-a-rec td-a-rec-id-content_bottom tdi_33_c7b td_block_template_1\">\n<p><img loading=\"lazy\" decoding=\"async\" class=\"aligncenter size-full wp-image-27454\" src=\"https:\/\/www.sidwaya.info\/wp-content\/uploads\/2020\/10\/PUB-Bandeau-paiement-mobile-siteweb.jpg\" alt=\"\" width=\"728\" height=\"90\"\/><\/div>\n<p>Auteur: Wamini SIDWAYA<br \/>\n<a href=\"https:\/\/www.sidwaya.info\/blog\/2021\/02\/26\/cooperation-bilaterale-roch-marc-christian-kabore-en-visite-officielle-a-libreville-ce-vendredi\/\">Cliquez ici pour lire l&rsquo;article depuis sa source.<\/a><\/p>\n","protected":false},"excerpt":{"rendered":"<p>Le pr\u00e9sident du Faso, Roch Marc Christian Kabor\u00e9 a quitt\u00e9 Ouagadougou ce matin, pour une visite de travail et d\u2019amiti\u00e9 \u00e0 Libreville au Gabon. Au cours de son s\u00e9jour, Roch Marc Christian Kabor\u00e9 aura un entretien avec son homologue gabonais Ali Bongo Ondimba, afin de passer en revue la coop\u00e9ration bilat\u00e9rale entre les deux pays. [&hellip;]<\/p>\n","protected":false},"author":1816,"featured_media":0,"comment_status":"closed","ping_status":"closed","sticky":false,"template":"","format":"standard","meta":{"fifu_image_url":"https:\/\/www.sidwaya.info\/wp-content\/uploads\/2021\/02\/Voyage-PR-Roch-kabore-640.jpg","fifu_image_alt":"Coop\u00e9ration bilat\u00e9rale : Roch Marc Christian Kabor\u00e9 en visite officielle \u00e0 Libreville ce vendredi","footnotes":""},"categories":[73,81],"tags":[],"class_list":["post-112113","post","type-post","status-publish","format-standard","hentry","category-actualite","category-burkina-faso"],"_links":{"self":[{"href":"https:\/\/linitiative.ca\/International\/wp-json\/wp\/v2\/posts\/112113","targetHints":{"allow":["GET"]}}],"collection":[{"href":"https:\/\/linitiative.ca\/International\/wp-json\/wp\/v2\/posts"}],"about":[{"href":"https:\/\/linitiative.ca\/International\/wp-json\/wp\/v2\/types\/post"}],"author":[{"embeddable":true,"href":"https:\/\/linitiative.ca\/International\/wp-json\/wp\/v2\/users\/1816"}],"replies":[{"embeddable":true,"href":"https:\/\/linitiative.ca\/International\/wp-json\/wp\/v2\/comments?post=112113"}],"version-history":[{"count":0,"href":"https:\/\/linitiative.ca\/International\/wp-json\/wp\/v2\/posts\/112113\/revisions"}],"wp:attachment":[{"href":"https:\/\/linitiative.ca\/International\/wp-json\/wp\/v2\/media?parent=112113"}],"wp:term":[{"taxonomy":"category","embeddable":true,"href":"https:\/\/linitiative.ca\/International\/wp-json\/wp\/v2\/categories?post=112113"},{"taxonomy":"post_tag","embeddable":true,"href":"https:\/\/linitiative.ca\/International\/wp-json\/wp\/v2\/tags?post=112113"}],"curies":[{"name":"wp","href":"https:\/\/api.w.org\/{rel}","templated":true}]}}