{"id":112114,"date":"2021-02-26T06:12:58","date_gmt":"2021-02-26T11:12:58","guid":{"rendered":"https:\/\/linitiative.ca\/International\/reconciliation-nationale-le-ministre-zephirin-diabre-prend-conseil-aupres-du-naaba-kiiba\/"},"modified":"2021-02-26T06:12:58","modified_gmt":"2021-02-26T11:12:58","slug":"reconciliation-nationale-le-ministre-zephirin-diabre-prend-conseil-aupres-du-naaba-kiiba","status":"publish","type":"post","link":"https:\/\/linitiative.ca\/International\/reconciliation-nationale-le-ministre-zephirin-diabre-prend-conseil-aupres-du-naaba-kiiba\/","title":{"rendered":"R\u00e9conciliation nationale\u00a0: Le ministre Z\u00e9phirin Diabr\u00e9 prend conseil aupr\u00e8s du Naaba Kiiba"},"content":{"rendered":"<div class=\"td-post-featured-image\"><a href=\"https:\/\/www.sidwaya.info\/wp-content\/uploads\/2021\/02\/ph-zeph2.jpg\" data-caption=\"\"><img loading=\"lazy\" decoding=\"async\" width=\"585\" height=\"789\" class=\"entry-thumb td-modal-image\" src=\"https:\/\/www.sidwaya.info\/wp-content\/uploads\/2021\/02\/ph-zeph2.jpg\" srcset=\"https:\/\/www.sidwaya.info\/wp-content\/uploads\/2021\/02\/ph-zeph2.jpg 585w, https:\/\/www.sidwaya.info\/wp-content\/uploads\/2021\/02\/ph-zeph2-222x300.jpg 222w, https:\/\/www.sidwaya.info\/wp-content\/uploads\/2021\/02\/ph-zeph2-150x202.jpg 150w, https:\/\/www.sidwaya.info\/wp-content\/uploads\/2021\/02\/ph-zeph2-300x405.jpg 300w, https:\/\/www.sidwaya.info\/wp-content\/uploads\/2021\/02\/ph-zeph2-311x420.jpg 311w\" sizes=\"auto, (max-width: 585px) 100vw, 585px\" alt=\"\" title=\"ph zeph2\"\/><\/a><\/div>\n<p><strong>Le ministre d\u2019Etat, ministre charg\u00e9 aupr\u00e8s du Pr\u00e9sident\u00a0 du Faso, charg\u00e9 de la R\u00e9conciliation Nationale et\u00a0 de la Coh\u00e9sion sociale, Z\u00e9phirin Diabr\u00e9 a \u00e9t\u00e9 re\u00e7u en audience le jeudi 25 f\u00e9vrier 2021 \u00e0 Ouahigouya par le Naaba Kiiba, le roi du Yatenga.<\/strong><\/p>\n<p>Dans le cadre de ses concertations cibl\u00e9es autour de la question de la r\u00e9conciliation nationale, le ministre en charge de la R\u00e9conciliation Nationale, Z\u00e9phirin Diabr\u00e9 a entam\u00e9 une s\u00e9rie de rencontre aupr\u00e8s\u00a0 des leaders coutumiers et religieux. Ce 25 f\u00e9vrier 2025 \u00e0 Ouahigouya, il a \u00e9t\u00e9 re\u00e7u par le roi du Yatenga, le Naaba Kiiba. Il s\u2019est agi, selon lui, de partager avec les uns et les autres, la vision que son d\u00e9partement\u00a0 sur \u00a0la question de la r\u00e9conciliation et de recueillir d\u2019eux leurs observations et leurs avis en vue de parfaire la feuille de route. \u00ab\u00a0<em>Sa Majest\u00e9, le Naaba Kiiba a marqu\u00e9 sa disponibilit\u00e9 enti\u00e8re \u00e0 accompagner le processus mieux, il a fait des propositions pouvant contribuer \u00e0 la mise en \u0153uvre des solutions<\/em>\u00a0\u00bb a-t-il soulign\u00e9.<\/p>\n<p><img decoding=\"async\" loading=\"lazy\" class=\"alignnone size-medium wp-image-32836\" src=\"https:\/\/www.sidwaya.info\/wp-content\/uploads\/2021\/02\/ph-zef1-222x300.jpg\" alt=\"\" width=\"222\" height=\"300\" srcset=\"https:\/\/www.sidwaya.info\/wp-content\/uploads\/2021\/02\/ph-zef1-222x300.jpg 222w, https:\/\/www.sidwaya.info\/wp-content\/uploads\/2021\/02\/ph-zef1-150x202.jpg 150w, https:\/\/www.sidwaya.info\/wp-content\/uploads\/2021\/02\/ph-zef1-300x405.jpg 300w, https:\/\/www.sidwaya.info\/wp-content\/uploads\/2021\/02\/ph-zef1-311x420.jpg 311w, https:\/\/www.sidwaya.info\/wp-content\/uploads\/2021\/02\/ph-zef1.jpg 585w\" sizes=\"auto, (max-width: 222px) 100vw, 222px\"\/>Ce sont la lib\u00e9ration inconditionnelle sans jugement, la r\u00e9paration des pr\u00e9judices subis et la restitution des biens saisis ou d\u00e9truits de tous les mis en cause. \u00ab\u00a0<em>Aussi, que le m\u00e9canisme traditionnel de r\u00e9conciliation doit \u00eatre pilot\u00e9 par des chefs coutumiers dans une structure formalis\u00e9e par d\u00e9cret pr\u00e9sidentiel<\/em>\u00a0\u00bb a annonc\u00e9 le porte-parole du roi, Naaba Soulga.<\/p>\n<p>Pour le ministre, la r\u00e9conciliation au Burkina Faso n\u2019est pas une mais plusieurs car il existe \u00a0des cat\u00e9gories de probl\u00e8mes qui appellent \u00a0\u00e0 la r\u00e9conciliation mais qui ne sont pas semblables. Il s\u2019agit, entre autres, des questions politiques, communautaires, celles li\u00e9es \u00e0 l\u2019ins\u00e9curit\u00e9 et celles entre l\u2019Etat et le citoyen. <em>\u00ab\u00a0Nous faisons donc face \u00e0 la\u00a0 r\u00e9conciliation sociopolitique, sociocommunautaire, \u00a0celle\u00a0 s\u00e9curitaire et \u00a0celle entre l\u2019Etat et le citoyen. Toutes ces questions vont \u00eatre examin\u00e9s et les solutions que sa majest\u00e9 \u00e0 bien voulu proposer seront mise dans le panier de l\u2019ensemble des id\u00e9es dans lequel nous allons puiser\u00a0 pour conduire le processus et\u00a0 r\u00e9gler les probl\u00e8mes pos\u00e9s<\/em> \u00bb a expliqu\u00e9 Z\u00e9phirin Diabr\u00e9.<\/p>\n<p>Et Naaba Soulaga de poursuivre que la r\u00e9conciliation est un \u00e9tat de fait o\u00f9 chacun doit renoncer \u00e0 son ego et\u00a0 savoir pardonner, oublier pour aboutir \u00e0 la paix des c\u0153urs et un meilleur vivre ensemble. <em>\u00ab\u00a0C\u2019est pourquoi \u00a0Naaba Kiiba attire \u00a0l\u2019attention \u00a0des dirigeants sur les aspects de r\u00e9paration par les coutumiers des morts violents (les crimes de sang), la parade contre le p\u00e9ril foncier qui s\u2019annonce et\u00a0 la bonne\u00a0 gouvernance des affaires publique<\/em>\u00a0\u00bb a-t-il d\u00e9clar\u00e9. \u00a0A l\u2019\u00e9couter, Le roi encourage tous les m\u00e9canismes mis en place pour y arriver dans l\u2019int\u00e9r\u00eat de la paix et de la concorde national. Le ministre poursuit ces concertations dans l\u2019Ouest du pays.<\/p>\n<p><strong>Fleur BIRBA<\/strong><\/p>\n<p><a href=\"mailto:fleurbirba@gmail.com\"><strong>fleurbirba@gmail.com<\/strong><\/a><\/p>\n<div class=\"td-a-rec td-a-rec-id-content_bottom tdi_33_877 td_block_template_1\">\n<p><img loading=\"lazy\" decoding=\"async\" class=\"aligncenter size-full wp-image-27454\" src=\"https:\/\/www.sidwaya.info\/wp-content\/uploads\/2020\/10\/PUB-Bandeau-paiement-mobile-siteweb.jpg\" alt=\"\" width=\"728\" height=\"90\"\/><\/div>\n<p>Auteur: Wamini SIDWAYA<br \/>\n<a href=\"https:\/\/www.sidwaya.info\/blog\/2021\/02\/26\/reconciliation-nationale-le-ministre-zephirin-diabre-prend-conseil-aupres-du-naaba-kiiba\/\">Cliquez ici pour lire l&rsquo;article depuis sa source.<\/a><\/p>\n","protected":false},"excerpt":{"rendered":"<p>Le ministre d\u2019Etat, ministre charg\u00e9 aupr\u00e8s du Pr\u00e9sident\u00a0 du Faso, charg\u00e9 de la R\u00e9conciliation Nationale et\u00a0 de la Coh\u00e9sion sociale, Z\u00e9phirin Diabr\u00e9 a \u00e9t\u00e9 re\u00e7u en audience le jeudi 25 f\u00e9vrier 2021 \u00e0 Ouahigouya par le Naaba Kiiba, le roi du Yatenga. Dans le cadre de ses concertations cibl\u00e9es autour de la question de la [&hellip;]<\/p>\n","protected":false},"author":1816,"featured_media":0,"comment_status":"closed","ping_status":"closed","sticky":false,"template":"","format":"standard","meta":{"fifu_image_url":"https:\/\/www.sidwaya.info\/wp-content\/uploads\/2021\/02\/ph-zeph2.jpg","fifu_image_alt":"R\u00e9conciliation nationale\u00a0: Le ministre Z\u00e9phirin Diabr\u00e9 prend conseil aupr\u00e8s du Naaba Kiiba","footnotes":""},"categories":[73,81],"tags":[],"class_list":["post-112114","post","type-post","status-publish","format-standard","hentry","category-actualite","category-burkina-faso"],"_links":{"self":[{"href":"https:\/\/linitiative.ca\/International\/wp-json\/wp\/v2\/posts\/112114","targetHints":{"allow":["GET"]}}],"collection":[{"href":"https:\/\/linitiative.ca\/International\/wp-json\/wp\/v2\/posts"}],"about":[{"href":"https:\/\/linitiative.ca\/International\/wp-json\/wp\/v2\/types\/post"}],"author":[{"embeddable":true,"href":"https:\/\/linitiative.ca\/International\/wp-json\/wp\/v2\/users\/1816"}],"replies":[{"embeddable":true,"href":"https:\/\/linitiative.ca\/International\/wp-json\/wp\/v2\/comments?post=112114"}],"version-history":[{"count":0,"href":"https:\/\/linitiative.ca\/International\/wp-json\/wp\/v2\/posts\/112114\/revisions"}],"wp:attachment":[{"href":"https:\/\/linitiative.ca\/International\/wp-json\/wp\/v2\/media?parent=112114"}],"wp:term":[{"taxonomy":"category","embeddable":true,"href":"https:\/\/linitiative.ca\/International\/wp-json\/wp\/v2\/categories?post=112114"},{"taxonomy":"post_tag","embeddable":true,"href":"https:\/\/linitiative.ca\/International\/wp-json\/wp\/v2\/tags?post=112114"}],"curies":[{"name":"wp","href":"https:\/\/api.w.org\/{rel}","templated":true}]}}