{"id":112115,"date":"2021-02-26T06:15:23","date_gmt":"2021-02-26T11:15:23","guid":{"rendered":"https:\/\/linitiative.ca\/International\/ioba-le-charbon-bacteridien-fait-deux-morts-a-gueguere\/"},"modified":"2021-02-26T06:15:23","modified_gmt":"2021-02-26T11:15:23","slug":"ioba-le-charbon-bacteridien-fait-deux-morts-a-gueguere","status":"publish","type":"post","link":"https:\/\/linitiative.ca\/International\/ioba-le-charbon-bacteridien-fait-deux-morts-a-gueguere\/","title":{"rendered":"Ioba: Le charbon bact\u00e9ridien fait deux \u00a0morts \u00e0 Gu\u00e9gu\u00e9r\u00e9"},"content":{"rendered":"<div class=\"td-post-featured-image\"><a href=\"https:\/\/www.sidwaya.info\/wp-content\/uploads\/2021\/02\/2-9.jpg\" data-caption=\"\"><img loading=\"lazy\" decoding=\"async\" width=\"694\" height=\"390\" class=\"entry-thumb td-modal-image\" src=\"https:\/\/www.sidwaya.info\/wp-content\/uploads\/2021\/02\/2-9.jpg\" srcset=\"https:\/\/www.sidwaya.info\/wp-content\/uploads\/2021\/02\/2-9.jpg 694w, https:\/\/www.sidwaya.info\/wp-content\/uploads\/2021\/02\/2-9-300x169.jpg 300w, https:\/\/www.sidwaya.info\/wp-content\/uploads\/2021\/02\/2-9-150x84.jpg 150w\" sizes=\"auto, (max-width: 694px) 100vw, 694px\" alt=\"\" title=\"2\"\/><\/a><\/div>\n<p><strong>Le minist\u00e8re des ressources animales et halieutiques a organis\u00e9 un atelier d\u2019information et de sensibilisation dans la gestion des foyers de charbon bact\u00e9rien le jeudi 25 f\u00e9vrier 2021 \u00e0 Dano, sous la pr\u00e9sidence du premier responsable dudit minist\u00e8re, Dr Tegwend\u00e9 Modeste Yerbanga.<\/strong><\/p>\n<p>La tenue de cet atelier de Dano fait suite \u00e0 l\u2019apparition de foyers de charbon bact\u00e9ridien confirm\u00e9s le 02 f\u00e9vrier 2021. En effet, quatre bovins morts ont \u00e9t\u00e9 d\u00e9couverts dans les villages de Kolkol, Doumouol\u00e8 et Walala dans la commune de Gu\u00e9gu\u00e9r\u00e9. On d\u00e9nombre deux \u00a0personnes d\u00e9c\u00e9d\u00e9es due \u00e0 la contagion \u00e0 cette maladie. Deux autres personnes \u00a0contamin\u00e9es sont toujours sous traitement et leur vie est hors de danger selon les responsables du district sanitaire de Dano.<\/p>\n<p>L\u2019organisation\u00a0 de ce conclave par le minist\u00e8re des ressources animales et halieutiques vise \u00e0 donner l\u2019information juste et sensibiliser les acteurs impliqu\u00e9s pour permettre d\u2019\u00e9viter cette maladie.<\/p>\n<p>Ont pris part \u00e0 l\u2019atelier les autorit\u00e9s administratives de la r\u00e9gion du sud-ouest, les autorit\u00e9s des collectivit\u00e9s d\u00e9centralis\u00e9es des communes de Dano et Gu\u00e9gu\u00e9r\u00e9, les \u00e9leveurs, les bouchers, les agents des services de l\u2019environnement et de la sant\u00e9 publique. Ils ont \u00e9t\u00e9 bien outill\u00e9s pour organiser des s\u00e9ances de sensibilisation \u00e0 leur tour.<\/p>\n<p>Le directeur g\u00e9n\u00e9ral des services v\u00e9t\u00e9rinaires par int\u00e9rim le Dr Wendmisida Victor Yacinthe Guigma a expliqu\u00e9 que le charbon bact\u00e9rien (Anthrax) est une maladie caus\u00e9e par une bact\u00e9rie. Cette bact\u00e9rie appel\u00e9e Bacillus anthracis infecte les animaux mammif\u00e8res tels que les bovins, les ovins, les caprins et les porcins avec une mortalit\u00e9 brusque. Cette bact\u00e9rie a la particularit\u00e9 de se retrouver tr\u00e8s souvent dans le sol et prend en ce moment la forme sporul\u00e9e. Sans cette forme, elle peut y rester pendant plus de 80 ans. La zone dans laquelle elle se retrouve est appel\u00e9e \u2018\u2018Champ maudit\u2019\u2019 car les animaux peuvent y ing\u00e9rer les spores et d\u00e9velopper la maladie. Dr Guigma a poursuivi que c\u2019est une maladie zoonotique c\u2019est-\u00e0-dire qui peut se transmettre de l\u2019animal \u00e0 l\u2019homme. <strong>La transmission<\/strong> du charbon bact\u00e9ridien se fait par trois \u00a0voies principales a relev\u00e9 le directeur g\u00e9n\u00e9ral. Ce sont la voie transcutan\u00e9e (par la manipulation de la viande infect\u00e9e), la voie digestive (par la consommation de la viande d\u2019animaux infect\u00e9s) et la voie respiratoire (par inhalation des a\u00e9rosols contenant les germes de la maladie). <strong>Les sympt\u00f4mes<\/strong> chez l\u2019homme se manifestent par la forme cutan\u00e9e avec une plaie sur la peau, la forme respiratoire et des coliques a dit Dr Guigma. Pour lui, il faut \u00e9viter la consommation des animaux \u00a0morts. Et il \u00a0est n\u00e9cessaire de pr\u00e9venir les services de sant\u00e9, de l\u2019\u00e9levage et de l\u2019environnement \u00a0d\u00e8s la d\u00e9couverte d\u2019un animal mort.<img decoding=\"async\" loading=\"lazy\" class=\"alignleft size-full wp-image-32838\" src=\"https:\/\/www.sidwaya.info\/wp-content\/uploads\/2021\/02\/1-54.jpg\" alt=\"\" width=\"672\" height=\"378\" srcset=\"https:\/\/www.sidwaya.info\/wp-content\/uploads\/2021\/02\/1-54.jpg 672w, https:\/\/www.sidwaya.info\/wp-content\/uploads\/2021\/02\/1-54-300x169.jpg 300w, https:\/\/www.sidwaya.info\/wp-content\/uploads\/2021\/02\/1-54-150x84.jpg 150w\" sizes=\"auto, (max-width: 672px) 100vw, 672px\"\/><\/p>\n<p>Chez les humains, il existe un traitement \u00e0 base d\u2019antibiotique efficace. Si ce traitement est appliqu\u00e9 de mani\u00e8re pr\u00e9coce, on peut gu\u00e9rir du charbon bact\u00e9ridien a soulign\u00e9 Dr Victor Guigma. Par contre chez les animaux, la mort survient brusquement. Il n\u2019y a pas de possibilit\u00e9 de proc\u00e9der \u00e0 une prise en charge. C\u2019est pourquoi les techniciens font une vaccination en amont. Il faut bien traiter les carcasses des animaux d\u00e9j\u00e0 morts en les enterrant dans les fosses d\u2019au moins 1,5 m\u00e8tre de profondeur et entre deux \u00a0couches de chaux-vive pour \u00e9viter que les spores ne remontent \u00e0 la surface et tuer d\u2019autres animaux.<\/p>\n<p>En termes de perspective \u00e0 court terme pour lutter contre la maladie dans le Ioba, une vaccination des animaux autour des foyers est en cours. Le minist\u00e8re de la sant\u00e9 a pr\u00e9dispos\u00e9 les m\u00e9dicaments dans des formations sanitaires pour une prise en charge d\u2019\u00e9ventuels cas. Le recensement de tous les animaux sensibles est d\u00e9j\u00e0 fait. En plus de Dano et Gu\u00e9gu\u00e9r\u00e9 la sensibilisation va se poursuivre dans les autres communes de la province.<\/p>\n<p>Les participants ont dit leur satisfaction pour la clart\u00e9 des informations re\u00e7ues au cours de cet atelier.<\/p>\n<p><strong>Souleymane ZOURE<\/strong><\/p>\n<p>AIB\/Dano<\/p>\n<div class=\"td-a-rec td-a-rec-id-content_bottom tdi_33_969 td_block_template_1\">\n<p><img loading=\"lazy\" decoding=\"async\" class=\"aligncenter size-full wp-image-27454\" src=\"https:\/\/www.sidwaya.info\/wp-content\/uploads\/2020\/10\/PUB-Bandeau-paiement-mobile-siteweb.jpg\" alt=\"\" width=\"728\" height=\"90\"\/><\/div>\n<p>Auteur: BS. Sidwaya<br \/>\n<a href=\"https:\/\/www.sidwaya.info\/blog\/2021\/02\/26\/ioba-le-charbon-bacteridien-fait-deux-morts-a-gueguere\/\">Cliquez ici pour lire l&rsquo;article depuis sa source.<\/a><\/p>\n","protected":false},"excerpt":{"rendered":"<p>Le minist\u00e8re des ressources animales et halieutiques a organis\u00e9 un atelier d\u2019information et de sensibilisation dans la gestion des foyers de charbon bact\u00e9rien le jeudi 25 f\u00e9vrier 2021 \u00e0 Dano, sous la pr\u00e9sidence du premier responsable dudit minist\u00e8re, Dr Tegwend\u00e9 Modeste Yerbanga. La tenue de cet atelier de Dano fait suite \u00e0 l\u2019apparition de foyers [&hellip;]<\/p>\n","protected":false},"author":1816,"featured_media":0,"comment_status":"closed","ping_status":"closed","sticky":false,"template":"","format":"standard","meta":{"fifu_image_url":"https:\/\/www.sidwaya.info\/wp-content\/uploads\/2021\/02\/2-9.jpg","fifu_image_alt":"Ioba: Le charbon bact\u00e9ridien fait deux \u00a0morts \u00e0 Gu\u00e9gu\u00e9r\u00e9","footnotes":""},"categories":[73,81],"tags":[],"class_list":["post-112115","post","type-post","status-publish","format-standard","hentry","category-actualite","category-burkina-faso"],"_links":{"self":[{"href":"https:\/\/linitiative.ca\/International\/wp-json\/wp\/v2\/posts\/112115","targetHints":{"allow":["GET"]}}],"collection":[{"href":"https:\/\/linitiative.ca\/International\/wp-json\/wp\/v2\/posts"}],"about":[{"href":"https:\/\/linitiative.ca\/International\/wp-json\/wp\/v2\/types\/post"}],"author":[{"embeddable":true,"href":"https:\/\/linitiative.ca\/International\/wp-json\/wp\/v2\/users\/1816"}],"replies":[{"embeddable":true,"href":"https:\/\/linitiative.ca\/International\/wp-json\/wp\/v2\/comments?post=112115"}],"version-history":[{"count":0,"href":"https:\/\/linitiative.ca\/International\/wp-json\/wp\/v2\/posts\/112115\/revisions"}],"wp:attachment":[{"href":"https:\/\/linitiative.ca\/International\/wp-json\/wp\/v2\/media?parent=112115"}],"wp:term":[{"taxonomy":"category","embeddable":true,"href":"https:\/\/linitiative.ca\/International\/wp-json\/wp\/v2\/categories?post=112115"},{"taxonomy":"post_tag","embeddable":true,"href":"https:\/\/linitiative.ca\/International\/wp-json\/wp\/v2\/tags?post=112115"}],"curies":[{"name":"wp","href":"https:\/\/api.w.org\/{rel}","templated":true}]}}