{"id":112116,"date":"2021-02-26T10:18:02","date_gmt":"2021-02-26T15:18:02","guid":{"rendered":"https:\/\/linitiative.ca\/International\/senegal-ousmane-sonko-fixe-sur-son-sort\/"},"modified":"2021-02-26T10:18:02","modified_gmt":"2021-02-26T15:18:02","slug":"senegal-ousmane-sonko-fixe-sur-son-sort","status":"publish","type":"post","link":"https:\/\/linitiative.ca\/International\/senegal-ousmane-sonko-fixe-sur-son-sort\/","title":{"rendered":"S\u00e9n\u00e9gal : Ousmane Sonko fix\u00e9 sur son sort"},"content":{"rendered":"<div readability=\"32\">\n<p>Publi\u00e9 le 26.02.2021 \u00e0 16h18 par APA News<\/p>\n<\/div>\n<div readability=\"71\">\n<p>L\u2019Assembl\u00e9e nationale s\u2019est r\u00e9unie, ce vendredi 26 f\u00e9vrier, en s\u00e9ance pl\u00e9ni\u00e8re aux fins de lever l\u2019immunit\u00e9 parlementaire du d\u00e9put\u00e9 de l\u2019opposition accus\u00e9 de viols r\u00e9p\u00e9titifs.Le leader du parti Patriotes du S\u00e9n\u00e9gal pour le travail, l\u2019\u00e9thique et la fraternit\u00e9 (Pastef) est redevenu un simple justiciable. Ousmane Sonko devrait r\u00e9pondre devant la justice avec l\u2019\u00e9pilogue de la proc\u00e9dure enclench\u00e9e le 11 f\u00e9vrier.<\/p>\n<p>Au terme de plus de deux heures de d\u00e9bat, souvent rythm\u00e9 par des chahuts, l\u2019h\u00e9micycle o\u00f9 la mouvance pr\u00e9sidentielle est majoritaire a vot\u00e9 en faveur de la lev\u00e9e de l\u2019immunit\u00e9 parlementaire avec 90 voix pour, un contre et deux abstentions.<\/p>\n<p>Les d\u00e9put\u00e9s de l\u2019opposition et les non-inscrits ont assist\u00e9 aux \u00e9changes avant de bouder le vote. L\u2019ancien Inspecteur des Imp\u00f4ts et Domaines a fait l\u2019objet, le 2 f\u00e9vrier, d\u2019une plainte d\u00e9pos\u00e9e par une employ\u00e9e d\u2019un salon de massage de Dakar \u00ab pour viols et menace de mort\u00a0 \u00bb.<\/p>\n<p>Pour sa part, Pape Biram Tour\u00e9, le pr\u00e9sident de la Commission ad hoc mise sur pied dans le cadre de cette affaire de m\u0153urs, a affirm\u00e9 que la structure \u00ab a men\u00e9 \u00e0 bien sa mission malgr\u00e9 les multiples tentatives de la divertir. Elle est rest\u00e9e sereine et concentr\u00e9e \u00bb.<\/p>\n<p>Les soutiens d\u2019Ousmane Sonko, class\u00e9 3e \u00e0 la derni\u00e8re \u00e9lection pr\u00e9sidentielle, pr\u00e9tendent que le virulent opposant est simplement la cible d\u2019une tentative de liquidation politique. Au parlement, le ministre de la Justice, Me Malick Sall, a balay\u00e9 d\u2019un revers de main cette d\u00e9duction : \u00ab Le chef de l\u2019\u00c9tat, Macky Sall, avait une r\u00e9action de d\u00e9solation, de compassion quand je lui ai fait part de cette affaire. Il m\u2019a dit qu\u2019il ne souhaite pas cela m\u00eame \u00e0 son pire ennemi\u00a0\u00bb.<\/p>\n<\/div>\n<p>Auteur: APA News<br \/>\n<a href=\"https:\/\/www.journalducameroun.com\/senegal-ousmane-sonko-fixe-sur-son-sort\/\">Cliquez ici pour lire l&rsquo;article depuis sa source.<\/a><\/p>\n","protected":false},"excerpt":{"rendered":"<p>Publi\u00e9 le 26.02.2021 \u00e0 16h18 par APA News L\u2019Assembl\u00e9e nationale s\u2019est r\u00e9unie, ce vendredi 26 f\u00e9vrier, en s\u00e9ance pl\u00e9ni\u00e8re aux fins de lever l\u2019immunit\u00e9 parlementaire du d\u00e9put\u00e9 de l\u2019opposition accus\u00e9 de viols r\u00e9p\u00e9titifs.Le leader du parti Patriotes du S\u00e9n\u00e9gal pour le travail, l\u2019\u00e9thique et la fraternit\u00e9 (Pastef) est redevenu un simple justiciable. Ousmane Sonko devrait [&hellip;]<\/p>\n","protected":false},"author":1965,"featured_media":0,"comment_status":"closed","ping_status":"closed","sticky":false,"template":"","format":"standard","meta":{"fifu_image_url":"","fifu_image_alt":"","footnotes":""},"categories":[73,82],"tags":[],"class_list":["post-112116","post","type-post","status-publish","format-standard","hentry","category-actualite","category-cameroun"],"_links":{"self":[{"href":"https:\/\/linitiative.ca\/International\/wp-json\/wp\/v2\/posts\/112116","targetHints":{"allow":["GET"]}}],"collection":[{"href":"https:\/\/linitiative.ca\/International\/wp-json\/wp\/v2\/posts"}],"about":[{"href":"https:\/\/linitiative.ca\/International\/wp-json\/wp\/v2\/types\/post"}],"author":[{"embeddable":true,"href":"https:\/\/linitiative.ca\/International\/wp-json\/wp\/v2\/users\/1965"}],"replies":[{"embeddable":true,"href":"https:\/\/linitiative.ca\/International\/wp-json\/wp\/v2\/comments?post=112116"}],"version-history":[{"count":0,"href":"https:\/\/linitiative.ca\/International\/wp-json\/wp\/v2\/posts\/112116\/revisions"}],"wp:attachment":[{"href":"https:\/\/linitiative.ca\/International\/wp-json\/wp\/v2\/media?parent=112116"}],"wp:term":[{"taxonomy":"category","embeddable":true,"href":"https:\/\/linitiative.ca\/International\/wp-json\/wp\/v2\/categories?post=112116"},{"taxonomy":"post_tag","embeddable":true,"href":"https:\/\/linitiative.ca\/International\/wp-json\/wp\/v2\/tags?post=112116"}],"curies":[{"name":"wp","href":"https:\/\/api.w.org\/{rel}","templated":true}]}}