{"id":112117,"date":"2021-02-26T11:18:02","date_gmt":"2021-02-26T16:18:02","guid":{"rendered":"https:\/\/linitiative.ca\/International\/senegal-75-milliards-fcfa-pour-des-projets-de-developpement\/"},"modified":"2021-02-26T11:18:02","modified_gmt":"2021-02-26T16:18:02","slug":"senegal-75-milliards-fcfa-pour-des-projets-de-developpement","status":"publish","type":"post","link":"https:\/\/linitiative.ca\/International\/senegal-75-milliards-fcfa-pour-des-projets-de-developpement\/","title":{"rendered":"S\u00e9n\u00e9gal: 75 milliards Fcfa pour des projets de d\u00e9veloppement"},"content":{"rendered":"<div readability=\"32\">\n<p>Publi\u00e9 le 26.02.2021 \u00e0 17h18 par APA News<\/p>\n<\/div>\n<div readability=\"107\">\n<p>Ce nouveau financement de l\u2019UE, sous forme de pr\u00eat, vise d\u2019une part l\u2019am\u00e9lioration de l\u2019alimentation en eau potable et d\u2019autre part la promotion de la gestion int\u00e9gr\u00e9e des d\u00e9chets solides.Le projet \u00ab S\u00e9n\u00e9gal D\u00e9chets Solides &amp; Covid-19 \u00bb, objet du financement de la BEI se focalise sur les villes secondaires de Saint-Louis (nord), Kaolack (centre) et Kolda (sud). Il soutient les efforts du gouvernement pour un d\u00e9veloppement \u00e9quilibr\u00e9 de l\u2019ensemble du pays, en r\u00e9duisant les disparit\u00e9s g\u00e9ographiques pour une meilleure \u00e9quit\u00e9 territoriale, informe un communiqu\u00e9 du minist\u00e8re de l\u2019Economie parvenu ce vendredi \u00e0 APA.<\/p>\n<p>\u00ab Aujourd\u2019hui, le nouvel appui de la Banque Europ\u00e9enne d\u2019Investissement (BEI) dans ces deux secteurs contribue \u00e0 pr\u00e9server l\u2019environnement et \u00e0 renforcer la r\u00e9silience du pays face \u00e0 la pand\u00e9mie et au changement climatique \u00bb, a soulign\u00e9 le vice-pr\u00e9sident de la BEI, Ambroise Fayolle.<\/p>\n<p>De son c\u00f4t\u00e9, le ministre de l\u2019Economie, du Plan et de la Coop\u00e9ration, Amadou Hott a remerci\u00e9 la BEI pour les mesures op\u00e9rationnelles d\u2019urgence qu\u2019elle a prises dans le contexte de sa r\u00e9ponse \u00e0 la crise de la Covid-19. \u00ab Concr\u00e8tement, les financements additionnels de la Banque permettent au gouvernement de renforcer ces moyens d\u2019intervention en cette p\u00e9riode de pand\u00e9mie \u00bb, a-t-il d\u00e9clar\u00e9.<\/p>\n<p>\u00ab La Banque r\u00e9pond pr\u00e9sent dans les moments difficiles avec en 2020 quatre op\u00e9rations Covid-19 repr\u00e9sentant pr\u00e8s de 210 millions \u20ac couvrant tous les aspects de la r\u00e9silience (sanitaire, \u00e9conomique, sociale et environnementale) au S\u00e9n\u00e9gal, \u00e0 l\u2019instar des deux op\u00e9rations dans l\u2019eau et la gestion des d\u00e9chets aujourd\u2019hui \u00bb, a indiqu\u00e9 le pr\u00e9sident de la BEI, Werner Hoyer.<\/p>\n<p>Ce dernier a par ailleurs annonc\u00e9 que \u00ab 1.3 millions de doses de l\u2019initiative Covax pour un acc\u00e8s mondial \u00e9quitable aux vaccins contre le coronavirus seront livr\u00e9es au S\u00e9n\u00e9gal. \u00bb<\/p>\n<p>Gr\u00e2ce \u00e0 cet appui, quelque 634 000 habitants r\u00e9partis entre Saint-Louis (nord), Kaolack (centre) et Kolda (sud), \u00ab auront un acc\u00e8s ad\u00e9quat \u00e0 l\u2019eau potable \u00bb.<\/p>\n<p>En outre, 35.000 branchements sociaux, soit 350.000 personnes b\u00e9n\u00e9ficiaires, seront subventionn\u00e9s \u00e0 l\u2019\u00e9chelle nationale, en plus des 4.000 branchements subventionn\u00e9s d\u00e9j\u00e0 pr\u00e9vus dans les trois villes susmentionn\u00e9es, poursuit le communiqu\u00e9.<\/p>\n<p>Il note \u00e9galement que dans le cadre des mesures op\u00e9rationnelles d\u2019urgence adopt\u00e9es par la Banque dans le contexte de la pand\u00e9mie, \u00ab la BEI finance ici exceptionnellement 90% des co\u00fbts du projet, contre 50% maximum habituellement.\u00a0\u00bb<\/p>\n<p>Le projet \u00ab S\u00e9n\u00e9gal D\u00e9chets Solides &amp; Covid-19 \u00bb se focalise sur les composantes r\u00e9gionales (nord, centre et Casamance) du Projet pour la promotion de la gestion int\u00e9gr\u00e9e et de l\u2019\u00e9conomie des d\u00e9chets solides au S\u00e9n\u00e9gal (PROMOGED), cofinanc\u00e9 par la Banque Mondiale, l\u2019Agence Fran\u00e7aise de D\u00e9veloppement (AFD) et l\u2019Agence Espagnole pour la Coop\u00e9ration Internationale au D\u00e9veloppement (AECID).<\/p>\n<p>A terme, il devrait permettre une am\u00e9lioration significative pour les villes concern\u00e9es o\u00f9 le taux de collecte typiquement ne d\u00e9passe actuellement pas 20%-30%. Le projet b\u00e9n\u00e9ficiera \u00e0 20% de la population s\u00e9n\u00e9galaise, soit 3.2 millions de personnes.<\/p>\n<\/div>\n<p>Auteur: APA News<br \/>\n<a href=\"https:\/\/www.journalducameroun.com\/senegal-75-milliards-fcfa-pour-des-projets-de-developpement\/\">Cliquez ici pour lire l&rsquo;article depuis sa source.<\/a><\/p>\n","protected":false},"excerpt":{"rendered":"<p>Publi\u00e9 le 26.02.2021 \u00e0 17h18 par APA News Ce nouveau financement de l\u2019UE, sous forme de pr\u00eat, vise d\u2019une part l\u2019am\u00e9lioration de l\u2019alimentation en eau potable et d\u2019autre part la promotion de la gestion int\u00e9gr\u00e9e des d\u00e9chets solides.Le projet \u00ab S\u00e9n\u00e9gal D\u00e9chets Solides &amp; Covid-19 \u00bb, objet du financement de la BEI se focalise sur [&hellip;]<\/p>\n","protected":false},"author":1965,"featured_media":0,"comment_status":"closed","ping_status":"closed","sticky":false,"template":"","format":"standard","meta":{"fifu_image_url":"","fifu_image_alt":"","footnotes":""},"categories":[73,82],"tags":[],"class_list":["post-112117","post","type-post","status-publish","format-standard","hentry","category-actualite","category-cameroun"],"_links":{"self":[{"href":"https:\/\/linitiative.ca\/International\/wp-json\/wp\/v2\/posts\/112117","targetHints":{"allow":["GET"]}}],"collection":[{"href":"https:\/\/linitiative.ca\/International\/wp-json\/wp\/v2\/posts"}],"about":[{"href":"https:\/\/linitiative.ca\/International\/wp-json\/wp\/v2\/types\/post"}],"author":[{"embeddable":true,"href":"https:\/\/linitiative.ca\/International\/wp-json\/wp\/v2\/users\/1965"}],"replies":[{"embeddable":true,"href":"https:\/\/linitiative.ca\/International\/wp-json\/wp\/v2\/comments?post=112117"}],"version-history":[{"count":0,"href":"https:\/\/linitiative.ca\/International\/wp-json\/wp\/v2\/posts\/112117\/revisions"}],"wp:attachment":[{"href":"https:\/\/linitiative.ca\/International\/wp-json\/wp\/v2\/media?parent=112117"}],"wp:term":[{"taxonomy":"category","embeddable":true,"href":"https:\/\/linitiative.ca\/International\/wp-json\/wp\/v2\/categories?post=112117"},{"taxonomy":"post_tag","embeddable":true,"href":"https:\/\/linitiative.ca\/International\/wp-json\/wp\/v2\/tags?post=112117"}],"curies":[{"name":"wp","href":"https:\/\/api.w.org\/{rel}","templated":true}]}}