{"id":112118,"date":"2021-02-26T11:18:03","date_gmt":"2021-02-26T16:18:03","guid":{"rendered":"https:\/\/linitiative.ca\/International\/covid-19-la-cote-divoire-recoit-504-000-doses-de-vaccin-astrazeneca\/"},"modified":"2021-02-26T11:18:03","modified_gmt":"2021-02-26T16:18:03","slug":"covid-19-la-cote-divoire-recoit-504-000-doses-de-vaccin-astrazeneca","status":"publish","type":"post","link":"https:\/\/linitiative.ca\/International\/covid-19-la-cote-divoire-recoit-504-000-doses-de-vaccin-astrazeneca\/","title":{"rendered":"Covid-19: la C\u00f4te d\u2019Ivoire re\u00e7oit 504 000 doses de vaccin AstraZeneca"},"content":{"rendered":"<div readability=\"32\">\n<p>Publi\u00e9 le 26.02.2021 \u00e0 17h18 par APA News<\/p>\n<\/div>\n<div readability=\"96\">\n<p>La C\u00f4te d\u2019Ivoire qui a re\u00e7u vendredi 504 000 doses de vaccin contre la Covid-19 AstraZeneca, d\u00e9marre \u00e0 partir du 1er mars 2021 une campagne de vaccination gratuite et volontaire.<\/p>\n<p>Les vaccins ont \u00e9t\u00e9 r\u00e9ceptionn\u00e9s \u00e0 l\u2019a\u00e9roport F\u00e9lix Houphou\u00ebt-Boigny d\u2019Abidjan par le ministre ivoirien de la Sant\u00e9 et de l\u2019hygi\u00e8ne publique, Aka Aouel\u00e9, qui avait \u00e0 ses c\u00f4t\u00e9s les membres du m\u00e9canisme Covax que sont Gavi, Cepi, Unicef et l\u2019OMS.\u00a0<\/p>\n<p>\u00ab\u00a0Jusqu\u2019\u00e0 la fin du premier trimestre 2021, la C\u00f4te d\u2019Ivoire recevra plus de 2,4 millions de doses de vaccin\u00a0\u00bb, a fait savoir M. Aka Aouel\u00e9, indiquant qu\u2019initialement annonc\u00e9e pour le 15 mars, la campagne en C\u00f4te d\u2019Ivoire d\u00e9marre le 1er mars 2021.<\/p>\n<p>Le lancement officiel de la campagne est pr\u00e9vu, lundi, au Parc des sports d\u2019Abidjan avec pour \u00ab\u00a0cibles prioritaires les Forces de d\u00e9fense et de s\u00e9curit\u00e9, les enseignants, les personnes \u00e2g\u00e9es de plus de 50 ans et les personnes porteuses de maladies chroniques\u00a0\u00bb.\u00a0<\/p>\n<p>Le ministre de la Sant\u00e9 a soulign\u00e9 que \u00ab\u00a0la vaccination est gratuite et volontaire\u00a0\u00bb. Et, au directeur g\u00e9n\u00e9ral de la Sant\u00e9, Mamadou Samba, d\u2019ajouter qu\u2019elle visera ensuite les personnes dans la tranche d\u2019\u00e2ge de 18 \u00e0 49 ans.<\/p>\n<p>Ce vaccin du groupe pharmaceutique \u00e9ponyme AstraZeneca, n\u00e9 de la fusion en avril 1999 du su\u00e9dois Astra et du britannique Zeneca, sera administr\u00e9 en deux doses conform\u00e9ment aux recommandations de l\u2019Organisation mondiale de la Sant\u00e9 (OMS).<\/p>\n<p>La C\u00f4te d\u2019Ivoire b\u00e9n\u00e9ficie de ces doses de vaccins dans le cadre de l\u2019initiative Covax. Apr\u00e8s le Ghana, le pays devient le deuxi\u00e8me \u00c9tat africain \u00e0 recevoir des doses de vaccins Covid-19 achemin\u00e9s via le m\u00e9canisme Covax.\u00a0<\/p>\n<p>Le co\u00fbt total du plan de d\u00e9ploiement pour le premier passage de ce vaccin est estim\u00e9 \u00e0 104,217 milliards Fcfa dont 86,27 milliards pour l\u2019achat des vaccins et intrants puis 17,94 milliards Fcfa pour les co\u00fbts op\u00e9rationnels, indique une note.<\/p>\n<p>Pour cette premi\u00e8re phase, la vaccination va concerner uniquement le District autonome d\u2019Abidjan, car la capitale \u00e9conomique ivoirienne constitue l\u2019\u00e9picentre de l\u2019\u00e9pid\u00e9mie en C\u00f4te d\u2019Ivoire avec 95% des cas positifs.<\/p>\n<p>Le premier cas de Covid-19 a \u00a0\u00e9t\u00e9 d\u00e9clar\u00e9 en C\u00f4te d\u2019Ivoire le 11 mars 2020. Aujourd\u2019hui, le pays enregistre plus de 32.000 personnes infect\u00e9es de la maladie dont plus de 31.000 gu\u00e9ris et 188 d\u00e9c\u00e8s.\u00a0<\/p>\n<\/div>\n<p>Auteur: APA News<br \/>\n<a href=\"https:\/\/www.journalducameroun.com\/covid-19-la-cote-divoire-recoit-504-000-doses-de-vaccin-astrazeneca\/\">Cliquez ici pour lire l&rsquo;article depuis sa source.<\/a><\/p>\n","protected":false},"excerpt":{"rendered":"<p>Publi\u00e9 le 26.02.2021 \u00e0 17h18 par APA News La C\u00f4te d\u2019Ivoire qui a re\u00e7u vendredi 504 000 doses de vaccin contre la Covid-19 AstraZeneca, d\u00e9marre \u00e0 partir du 1er mars 2021 une campagne de vaccination gratuite et volontaire. Les vaccins ont \u00e9t\u00e9 r\u00e9ceptionn\u00e9s \u00e0 l\u2019a\u00e9roport F\u00e9lix Houphou\u00ebt-Boigny d\u2019Abidjan par le ministre ivoirien de la Sant\u00e9 [&hellip;]<\/p>\n","protected":false},"author":1965,"featured_media":0,"comment_status":"closed","ping_status":"closed","sticky":false,"template":"","format":"standard","meta":{"fifu_image_url":"","fifu_image_alt":"","footnotes":""},"categories":[73,82],"tags":[],"class_list":["post-112118","post","type-post","status-publish","format-standard","hentry","category-actualite","category-cameroun"],"_links":{"self":[{"href":"https:\/\/linitiative.ca\/International\/wp-json\/wp\/v2\/posts\/112118","targetHints":{"allow":["GET"]}}],"collection":[{"href":"https:\/\/linitiative.ca\/International\/wp-json\/wp\/v2\/posts"}],"about":[{"href":"https:\/\/linitiative.ca\/International\/wp-json\/wp\/v2\/types\/post"}],"author":[{"embeddable":true,"href":"https:\/\/linitiative.ca\/International\/wp-json\/wp\/v2\/users\/1965"}],"replies":[{"embeddable":true,"href":"https:\/\/linitiative.ca\/International\/wp-json\/wp\/v2\/comments?post=112118"}],"version-history":[{"count":0,"href":"https:\/\/linitiative.ca\/International\/wp-json\/wp\/v2\/posts\/112118\/revisions"}],"wp:attachment":[{"href":"https:\/\/linitiative.ca\/International\/wp-json\/wp\/v2\/media?parent=112118"}],"wp:term":[{"taxonomy":"category","embeddable":true,"href":"https:\/\/linitiative.ca\/International\/wp-json\/wp\/v2\/categories?post=112118"},{"taxonomy":"post_tag","embeddable":true,"href":"https:\/\/linitiative.ca\/International\/wp-json\/wp\/v2\/tags?post=112118"}],"curies":[{"name":"wp","href":"https:\/\/api.w.org\/{rel}","templated":true}]}}