{"id":112119,"date":"2021-02-26T13:18:02","date_gmt":"2021-02-26T18:18:02","guid":{"rendered":"https:\/\/linitiative.ca\/International\/depart-de-ouattara-en-france-ou-il-sentretiendra-avec-macron\/"},"modified":"2021-02-26T13:18:02","modified_gmt":"2021-02-26T18:18:02","slug":"depart-de-ouattara-en-france-ou-il-sentretiendra-avec-macron","status":"publish","type":"post","link":"https:\/\/linitiative.ca\/International\/depart-de-ouattara-en-france-ou-il-sentretiendra-avec-macron\/","title":{"rendered":"D\u00e9part de Ouattara en France o\u00f9 il s\u2019entretiendra avec Macron"},"content":{"rendered":"<div readability=\"32\">\n<p>Publi\u00e9 le 26.02.2021 \u00e0 19h18 par APA News<\/p>\n<\/div>\n<div readability=\"51\">\n<p>Le pr\u00e9sident ivoirien Alassane Ouattara a quitt\u00e9 Abidjan, vendredi, pour un s\u00e9jour en France au cours duquel il aura un entretien avec son homologue fran\u00e7ais Emmanuel Macron.<\/p>\n<p>Selon un communiqu\u00e9 de la pr\u00e9sidence ivoirienne, Alassane Ouattara qui a quitt\u00e9 Abidjan, accompagn\u00e9 de la premi\u00e8re dame, Dominique Ouattara, \u00ab aura un entretien suivi d\u2019un d\u00eener avec son homologue fran\u00e7ais, Emmanuel Macron, le mercredi 3 mars 2021, au Palais de l\u2019Elys\u00e9e \u00bb.<\/p>\n<p>Le pr\u00e9sident de la R\u00e9publique \u00e9changera \u00e9galement avec le ministre fran\u00e7ais de l\u2019Europe et des affaires \u00e9trang\u00e8res, \u00a0Jean-Yves Le Drian, conclut le communiqu\u00e9.<\/p>\n<\/div>\n<p>Auteur: APA News<br \/>\n<a href=\"https:\/\/www.journalducameroun.com\/depart-de-ouattara-en-france-ou-il-sentretiendra-avec-macron\/\">Cliquez ici pour lire l&rsquo;article depuis sa source.<\/a><\/p>\n","protected":false},"excerpt":{"rendered":"<p>Publi\u00e9 le 26.02.2021 \u00e0 19h18 par APA News Le pr\u00e9sident ivoirien Alassane Ouattara a quitt\u00e9 Abidjan, vendredi, pour un s\u00e9jour en France au cours duquel il aura un entretien avec son homologue fran\u00e7ais Emmanuel Macron. Selon un communiqu\u00e9 de la pr\u00e9sidence ivoirienne, Alassane Ouattara qui a quitt\u00e9 Abidjan, accompagn\u00e9 de la premi\u00e8re dame, Dominique Ouattara, [&hellip;]<\/p>\n","protected":false},"author":1965,"featured_media":0,"comment_status":"closed","ping_status":"closed","sticky":false,"template":"","format":"standard","meta":{"fifu_image_url":"","fifu_image_alt":"","footnotes":""},"categories":[73,82],"tags":[],"class_list":["post-112119","post","type-post","status-publish","format-standard","hentry","category-actualite","category-cameroun"],"_links":{"self":[{"href":"https:\/\/linitiative.ca\/International\/wp-json\/wp\/v2\/posts\/112119","targetHints":{"allow":["GET"]}}],"collection":[{"href":"https:\/\/linitiative.ca\/International\/wp-json\/wp\/v2\/posts"}],"about":[{"href":"https:\/\/linitiative.ca\/International\/wp-json\/wp\/v2\/types\/post"}],"author":[{"embeddable":true,"href":"https:\/\/linitiative.ca\/International\/wp-json\/wp\/v2\/users\/1965"}],"replies":[{"embeddable":true,"href":"https:\/\/linitiative.ca\/International\/wp-json\/wp\/v2\/comments?post=112119"}],"version-history":[{"count":0,"href":"https:\/\/linitiative.ca\/International\/wp-json\/wp\/v2\/posts\/112119\/revisions"}],"wp:attachment":[{"href":"https:\/\/linitiative.ca\/International\/wp-json\/wp\/v2\/media?parent=112119"}],"wp:term":[{"taxonomy":"category","embeddable":true,"href":"https:\/\/linitiative.ca\/International\/wp-json\/wp\/v2\/categories?post=112119"},{"taxonomy":"post_tag","embeddable":true,"href":"https:\/\/linitiative.ca\/International\/wp-json\/wp\/v2\/tags?post=112119"}],"curies":[{"name":"wp","href":"https:\/\/api.w.org\/{rel}","templated":true}]}}