{"id":112120,"date":"2021-02-26T13:18:04","date_gmt":"2021-02-26T18:18:04","guid":{"rendered":"https:\/\/linitiative.ca\/International\/cote-divoire-une-ambulance-medicalisee-pour-reduire-les-deces-a-grand-lahou\/"},"modified":"2021-02-26T13:18:04","modified_gmt":"2021-02-26T18:18:04","slug":"cote-divoire-une-ambulance-medicalisee-pour-reduire-les-deces-a-grand-lahou","status":"publish","type":"post","link":"https:\/\/linitiative.ca\/International\/cote-divoire-une-ambulance-medicalisee-pour-reduire-les-deces-a-grand-lahou\/","title":{"rendered":"C\u00f4te d\u2019Ivoire : une ambulance m\u00e9dicalis\u00e9e pour r\u00e9duire les d\u00e9c\u00e8s \u00e0 Grand-Lahou"},"content":{"rendered":"<div readability=\"32\">\n<p>Publi\u00e9 le 26.02.2021 \u00e0 19h18 par APA News<\/p>\n<\/div>\n<div readability=\"69\">\n<p>Le ministre secr\u00e9taire g\u00e9n\u00e9ral adjoint de la pr\u00e9sidence ivoirienne en charge de la Coordination des Grands Projets, Claude Isaac De a remis une ambulance m\u00e9dicalis\u00e9e \u00e0 la direction d\u00e9partementale de la Sant\u00e9 de Grand- Lahou dans le sud ivoirien en vue de r\u00e9duire le taux de d\u00e9c\u00e8s dans cette localit\u00e9.<\/p>\n<p>Selon une note d\u2019information transmise vendredi \u00e0 APA, ce don d\u2019ambulance fait au nom du Pr\u00e9sident ivoirien Alassane Ouattara, va au-del\u00e0 de la r\u00e9duction des d\u00e9c\u00e8s pour permettre de renforcer le parc de transport de ce d\u00e9partement sanitaire et am\u00e9liorer sa capacit\u00e9 de mobilit\u00e9.<\/p>\n<p>\u00ab Toutes ces initiatives visent \u00e0 am\u00e9liorer \u00a0la sant\u00e9 de nos populations dans le cadre de la potentialisation du Programme social du gouvernement par une meilleure prise en charge des cas urgents et r\u00e9duire le taux de d\u00e9c\u00e8s \u00e0 Grand-Lahou (\u2026)\u00bb, a indiqu\u00e9 le ministre Claude Isaac De cit\u00e9 dans la note.<\/p>\n<p>Il a \u00e9galement saisi cette tribune pour inviter les populations de cette localit\u00e9 \u00e0 continuer \u00e0 faire confiance au pr\u00e9sident ivoirien et \u00e0 l\u2019ensemble du gouvernement \u00a0\u00ab qui ne cessent d\u2019\u0153uvrer pour la prise en compte de leurs pr\u00e9occupations afin de doter le d\u00e9partement d\u2019infrastructures sociales pour son \u00e9panouissement \u00bb.<\/p>\n<p>En retour, le directeur d\u00e9partemental de la sant\u00e9 de Grand-Lahou, Dr Kouassy R\u00e9mi a dit sa gratitude \u00e0 l\u2019ex\u00e9cutif ivoirien pour cette action sociale.<\/p>\n<p>\u00a0 \u00ab Cette ambulance vient renforcer notre parc de transport hospitalier. Nous saluons \u00e0 sa juste valeur ce don qui traduit les sacrifices consentis par le pr\u00e9sident de la R\u00e9publique et le gouvernement dans sa dynamique de renforcement du plateau technique sanitaire de notre r\u00e9gion \u00bb, s\u2019est f\u00e9licit\u00e9 M. Kouassy.<\/p>\n<p>Ces actions sociales, a rappel\u00e9 la note, s\u2019inscrivent dans le cadre du programme social du gouvernement et visent \u00e0 renforcer les capacit\u00e9s op\u00e9rationnelles des structures sanitaires.<\/p>\n<\/div>\n<p>Auteur: APA News<br \/>\n<a href=\"https:\/\/www.journalducameroun.com\/cote-divoire-une-ambulance-medicalisee-pour-reduire-les-deces-a-grand-lahou\/\">Cliquez ici pour lire l&rsquo;article depuis sa source.<\/a><\/p>\n","protected":false},"excerpt":{"rendered":"<p>Publi\u00e9 le 26.02.2021 \u00e0 19h18 par APA News Le ministre secr\u00e9taire g\u00e9n\u00e9ral adjoint de la pr\u00e9sidence ivoirienne en charge de la Coordination des Grands Projets, Claude Isaac De a remis une ambulance m\u00e9dicalis\u00e9e \u00e0 la direction d\u00e9partementale de la Sant\u00e9 de Grand- Lahou dans le sud ivoirien en vue de r\u00e9duire le taux de d\u00e9c\u00e8s [&hellip;]<\/p>\n","protected":false},"author":1965,"featured_media":0,"comment_status":"closed","ping_status":"closed","sticky":false,"template":"","format":"standard","meta":{"fifu_image_url":"","fifu_image_alt":"","footnotes":""},"categories":[73,82],"tags":[],"class_list":["post-112120","post","type-post","status-publish","format-standard","hentry","category-actualite","category-cameroun"],"_links":{"self":[{"href":"https:\/\/linitiative.ca\/International\/wp-json\/wp\/v2\/posts\/112120","targetHints":{"allow":["GET"]}}],"collection":[{"href":"https:\/\/linitiative.ca\/International\/wp-json\/wp\/v2\/posts"}],"about":[{"href":"https:\/\/linitiative.ca\/International\/wp-json\/wp\/v2\/types\/post"}],"author":[{"embeddable":true,"href":"https:\/\/linitiative.ca\/International\/wp-json\/wp\/v2\/users\/1965"}],"replies":[{"embeddable":true,"href":"https:\/\/linitiative.ca\/International\/wp-json\/wp\/v2\/comments?post=112120"}],"version-history":[{"count":0,"href":"https:\/\/linitiative.ca\/International\/wp-json\/wp\/v2\/posts\/112120\/revisions"}],"wp:attachment":[{"href":"https:\/\/linitiative.ca\/International\/wp-json\/wp\/v2\/media?parent=112120"}],"wp:term":[{"taxonomy":"category","embeddable":true,"href":"https:\/\/linitiative.ca\/International\/wp-json\/wp\/v2\/categories?post=112120"},{"taxonomy":"post_tag","embeddable":true,"href":"https:\/\/linitiative.ca\/International\/wp-json\/wp\/v2\/tags?post=112120"}],"curies":[{"name":"wp","href":"https:\/\/api.w.org\/{rel}","templated":true}]}}