{"id":112122,"date":"2021-02-26T09:41:15","date_gmt":"2021-02-26T14:41:15","guid":{"rendered":"https:\/\/linitiative.ca\/International\/transport-aerien-le-cameroun-ouvre-son-ciel-a-lalgerie\/"},"modified":"2021-02-26T09:41:15","modified_gmt":"2021-02-26T14:41:15","slug":"transport-aerien-le-cameroun-ouvre-son-ciel-a-lalgerie","status":"publish","type":"post","link":"https:\/\/linitiative.ca\/International\/transport-aerien-le-cameroun-ouvre-son-ciel-a-lalgerie\/","title":{"rendered":"Transport a\u00e9rien : Le Cameroun ouvre son ciel \u00e0 l\u2019Alg\u00e9rie"},"content":{"rendered":"<p>Le ministre des transports Jean Ernest Massena Ngalle Bibehe et l\u2019Ambassadeur d\u2019Alg\u00e9rie au Cameroun son Excellence Merzak Bedjaoui, ont sign\u00e9 ce 24 f\u00e9vrier 2021, un accord bilat\u00e9ral relatif aux services a\u00e9riens. Accord qui apporte ainsi une r\u00e9vision \u00e0 l\u2019accord de 1974 qui liait les deux pays.\u00a0\u00a0Cette actualisation n\u2019est pas anodine. L\u2019on se souvient qu\u2019en novembre 2017, le ministre des Transports s\u2019\u00e9tait rendu \u00e0 Alger la capitale alg\u00e9rienne dans le cadre d\u2019une visite de travail, \u00e0 l\u2019issue de laquelle, il avait \u00e9t\u00e9 convenu la r\u00e9actualisation de cet accord au vue de l\u2019\u00e9volution du contexte de l\u2019aviation civile international. La signature de cet accord ce jour a pour objectifs de renforcer les \u00e9changes commerciaux des deux pays et favoriser le d\u00e9veloppement de l\u2019activit\u00e9 touristique.<\/p>\n<p><strong>Lire aussi<\/strong> : <a href=\"https:\/\/ecomatin.net\/transports-routier-une-nouvelle-carte-grise-voit-le-jour-au-cameroun\/\">Transports routier : une nouvelle carte grise voit le jour au Cameroun<\/a><\/p>\n<p>Avec cet accord, les cieux de ces deux entit\u00e9s \u00e9tatiques s\u2019ouvrent l\u2019une \u00e0 l\u2019autre. Il est annonc\u00e9 dans les prochains jours une desserte de la compagnie nationale Alg\u00e9rienne Air Alger pour les villes de Douala et de Yaound\u00e9. Choix qui s\u2019explique selon l\u2019Ambassadeur d\u2019Alg\u00e9rie par\u00a0:\u00a0\u00ab\u00a0le Cameroun parce que c\u2019est le pays pivot en Afrique centrale et nous, nous avons une tr\u00e8s grande ambition avec le Cameroun. Nous souhaitons partir du Cameroun pour aller vers d\u2019autres destinations des pays voisins\u00bb indiquait-il. C\u00f4t\u00e9 camerounais, l\u2019on explore la piste de se faire une place dans le ciel alg\u00e9rien \u00ab\u00a0la Camair-co dans son plan de red\u00e9ploiement r\u00e9gional saisira\u00a0\u00a0certainement l\u2019occasion d\u2019exploiter cet accord\u00a0\u00bb a fait savoir Jean-Ernest Massena Ngalle Bibehe. Notons que c\u2019est depuis 2019, qu\u2019Air Alg\u00e9rie a manifest\u00e9 un int\u00e9r\u00eat pour l\u2019espace a\u00e9rien camerounais. L\u2019annonce avait \u00e9t\u00e9 faite par l\u2019Autorit\u00e9 a\u00e9ronautique qui a indiqu\u00e9 que la compagnie avait introduit une demande aupr\u00e8s du comit\u00e9 en charge de l\u2019approbation des programmes des services a\u00e9riens internationaux r\u00e9guliers exploit\u00e9s par les compagnies a\u00e9riennes desservant le Cameroun.<\/p>\n<p><strong>Echanges<\/strong><\/p>\n<p>Le volet commercial qui veut \u00eatre renforc\u00e9 au travers de ce trait\u00e9, n\u2019est que suite de la Journ\u00e9e d\u2019affaires, de partenariat et d\u2019exportation vers le Cameroun et aux pays de l\u2019Afrique centrale, tenue le 5 d\u00e9cembre en 2018 \u00e0 Alger. \u00ab\u00a0Il y\u2019a effectivement des produits finis alg\u00e9riens qui peuvent \u00eatre \u00e9coul\u00e9s sur le march\u00e9 camerounais, notamment les produits agroalimentaires et les \u00e9lectrom\u00e9nagers qui sont comp\u00e9titifs, comme il y a des produits camerounais qui peuvent \u00eatre export\u00e9s vers l\u2019Alg\u00e9rie notamment les produits agricoles et le bois\u00a0\u00bb, indiquait Dairou Bouba premier conseiller de l\u2019ambassadeur du Cameroun en Alg\u00e9rie.<\/p>\n<p><strong>Lire aussi<\/strong> : <a href=\"https:\/\/ecomatin.net\/aviation-lassurance-fait-rater-son-vol-a-camair-co\/\">Aviation : l\u2019assurance fait rater son vol \u00e0 Camair-co<\/a><\/p>\n<p>Indiquons que l\u2019Alg\u00e9rie occupe le 116<sup>e<\/sup>\u00a0rang des fournisseurs du Cameroun avec une enveloppe de 350\u00a0000 dollars soit 188,972 millions de Fcfa d\u2019achats de produits. Tant dis que les exportations en provenance du Cameroun sont constitu\u00e9es essentiellement de caf\u00e9 et s\u2019\u00e9l\u00e8vent \u00e0 18,4 millions de dollars soit 9,933 milliards de Fcfa. Donn\u00e9es fournies lors de cette journ\u00e9e d\u2019affaires.<\/p>\n<p>Auteur: Cindy MBALA<br \/>\n<a href=\"https:\/\/ecomatin.net\/transport-aerien-le-cameroun-ouvre-son-ciel-a-lalgerie\/\">Cliquez ici pour lire l&rsquo;article depuis sa source.<\/a><\/p>\n","protected":false},"excerpt":{"rendered":"<p>Le ministre des transports Jean Ernest Massena Ngalle Bibehe et l\u2019Ambassadeur d\u2019Alg\u00e9rie au Cameroun son Excellence Merzak Bedjaoui, ont sign\u00e9 ce 24 f\u00e9vrier 2021, un accord bilat\u00e9ral relatif aux services a\u00e9riens. Accord qui apporte ainsi une r\u00e9vision \u00e0 l\u2019accord de 1974 qui liait les deux pays.\u00a0\u00a0Cette actualisation n\u2019est pas anodine. L\u2019on se souvient qu\u2019en novembre [&hellip;]<\/p>\n","protected":false},"author":1969,"featured_media":0,"comment_status":"closed","ping_status":"closed","sticky":false,"template":"","format":"standard","meta":{"fifu_image_url":"","fifu_image_alt":"","footnotes":""},"categories":[82,78],"tags":[],"class_list":["post-112122","post","type-post","status-publish","format-standard","hentry","category-cameroun","category-economie"],"_links":{"self":[{"href":"https:\/\/linitiative.ca\/International\/wp-json\/wp\/v2\/posts\/112122","targetHints":{"allow":["GET"]}}],"collection":[{"href":"https:\/\/linitiative.ca\/International\/wp-json\/wp\/v2\/posts"}],"about":[{"href":"https:\/\/linitiative.ca\/International\/wp-json\/wp\/v2\/types\/post"}],"author":[{"embeddable":true,"href":"https:\/\/linitiative.ca\/International\/wp-json\/wp\/v2\/users\/1969"}],"replies":[{"embeddable":true,"href":"https:\/\/linitiative.ca\/International\/wp-json\/wp\/v2\/comments?post=112122"}],"version-history":[{"count":0,"href":"https:\/\/linitiative.ca\/International\/wp-json\/wp\/v2\/posts\/112122\/revisions"}],"wp:attachment":[{"href":"https:\/\/linitiative.ca\/International\/wp-json\/wp\/v2\/media?parent=112122"}],"wp:term":[{"taxonomy":"category","embeddable":true,"href":"https:\/\/linitiative.ca\/International\/wp-json\/wp\/v2\/categories?post=112122"},{"taxonomy":"post_tag","embeddable":true,"href":"https:\/\/linitiative.ca\/International\/wp-json\/wp\/v2\/tags?post=112122"}],"curies":[{"name":"wp","href":"https:\/\/api.w.org\/{rel}","templated":true}]}}