{"id":112124,"date":"2021-02-27T08:34:39","date_gmt":"2021-02-27T13:34:39","guid":{"rendered":"https:\/\/linitiative.ca\/International\/une-antenne-regionale-creee-dakhla-nouveau-fief-pour-lasmex\/"},"modified":"2021-02-27T08:34:39","modified_gmt":"2021-02-27T13:34:39","slug":"une-antenne-regionale-creee-dakhla-nouveau-fief-pour-lasmex","status":"publish","type":"post","link":"https:\/\/linitiative.ca\/International\/une-antenne-regionale-creee-dakhla-nouveau-fief-pour-lasmex\/","title":{"rendered":"Une antenne r\u00e9gionale cr\u00e9\u00e9e : Dakhla nouveau fief pour l\u2019Asmex"},"content":{"rendered":"<header>\n<\/header>\n<div class=\"entry-content clearfix\" readability=\"62\">\n<figure class=\"post-thumbnail\" itemprop=\"associatedMedia\" itemscope=\"itemscope\" itemtype=\"http:\/\/schema.org\/ImageObject\"><img decoding=\"async\" class=\"post_layout_5_img\" src=\"http:\/\/aujourdhui.ma\/wp-content\/uploads\/2021\/01\/Le-nouveau-port-de-Dakhla-Atlantique.jpg\" alt=\"Une antenne r\u00e9gionale cr\u00e9\u00e9e : Dakhla nouveau fief pour l\u2019Asmex\"\/><\/figure>\n<p><strong>Dakhla continue de capter l\u2019attention. Cette fois-ci, c\u2019est au tour des exportateurs. Une d\u00e9l\u00e9gation r\u00e9gionale de l\u2019Association marocaine des exportateurs (ASMEX) a \u00e9t\u00e9 mise en place vendredi dernier \u00e0 Dakhla, en vue de booster l\u2019attractivit\u00e9 \u00e9conomique de la r\u00e9gion Dakhla-Oued Eddahab.<\/strong><\/p>\n<p>A cette occasion, M. Hassan Yanja a \u00e9t\u00e9 d\u00e9sign\u00e9 d\u00e9l\u00e9gu\u00e9 r\u00e9gional de l\u2019ASMEX pour accompagner la dynamique que conna\u00eet la r\u00e9gion dans diff\u00e9rents secteurs productifs.<\/p>\n<p>S\u2019exprimant \u00e0 cette occasion, le wali de la r\u00e9gion de Dakhla-Oued Eddahab, gouverneur de la province d\u2019Oued Eddahab, Lamine Benomar, a soulign\u00e9 que la r\u00e9gion connait une dynamique \u00e9conomique de taille, d\u2019o\u00f9 la n\u00e9cessit\u00e9 de concentrer l\u2019effort d\u2019investissement vers la valorisation et la prospection de nouveaux march\u00e9s, notamment dans le continent africain.<\/p>\n<p>Dans cette lign\u00e9e, M. Benomar a mis l\u2019accent sur les grands projets structurants dans la r\u00e9gion, citant \u00e0 cet \u00e9gard les zones logistiques, les \u00e9nergies renouvelables, le projet de raccordement de la ville de Dakhla au r\u00e9seau \u00e9lectrique national, le port atlantique de Dakhla et le projet de dessalement de l\u2019eau de mer pour irriguer 5.000 hectares de terres agricoles \u00e0 Dakhla.<\/p>\n<\/div>\n<p>Auteur: ALM<br \/>\n<a href=\"https:\/\/aujourdhui.ma\/actualite\/une-antenne-regionale-creee-dakhla-nouveau-fief-pour-lasmex\">Cliquez ici pour lire l&rsquo;article depuis sa source.<\/a><\/p>\n","protected":false},"excerpt":{"rendered":"<p>Dakhla continue de capter l\u2019attention. Cette fois-ci, c\u2019est au tour des exportateurs. Une d\u00e9l\u00e9gation r\u00e9gionale de l\u2019Association marocaine des exportateurs (ASMEX) a \u00e9t\u00e9 mise en place vendredi dernier \u00e0 Dakhla, en vue de booster l\u2019attractivit\u00e9 \u00e9conomique de la r\u00e9gion Dakhla-Oued Eddahab. A cette occasion, M. Hassan Yanja a \u00e9t\u00e9 d\u00e9sign\u00e9 d\u00e9l\u00e9gu\u00e9 r\u00e9gional de l\u2019ASMEX pour [&hellip;]<\/p>\n","protected":false},"author":1759,"featured_media":0,"comment_status":"closed","ping_status":"closed","sticky":false,"template":"","format":"standard","meta":{"fifu_image_url":"http:\/\/aujourdhui.ma\/wp-content\/uploads\/2021\/01\/Le-nouveau-port-de-Dakhla-Atlantique.jpg","fifu_image_alt":"Une antenne r\u00e9gionale cr\u00e9\u00e9e : Dakhla nouveau fief pour l\u2019Asmex","footnotes":""},"categories":[73,54],"tags":[],"class_list":["post-112124","post","type-post","status-publish","format-standard","hentry","category-actualite","category-maroc"],"_links":{"self":[{"href":"https:\/\/linitiative.ca\/International\/wp-json\/wp\/v2\/posts\/112124","targetHints":{"allow":["GET"]}}],"collection":[{"href":"https:\/\/linitiative.ca\/International\/wp-json\/wp\/v2\/posts"}],"about":[{"href":"https:\/\/linitiative.ca\/International\/wp-json\/wp\/v2\/types\/post"}],"author":[{"embeddable":true,"href":"https:\/\/linitiative.ca\/International\/wp-json\/wp\/v2\/users\/1759"}],"replies":[{"embeddable":true,"href":"https:\/\/linitiative.ca\/International\/wp-json\/wp\/v2\/comments?post=112124"}],"version-history":[{"count":0,"href":"https:\/\/linitiative.ca\/International\/wp-json\/wp\/v2\/posts\/112124\/revisions"}],"wp:attachment":[{"href":"https:\/\/linitiative.ca\/International\/wp-json\/wp\/v2\/media?parent=112124"}],"wp:term":[{"taxonomy":"category","embeddable":true,"href":"https:\/\/linitiative.ca\/International\/wp-json\/wp\/v2\/categories?post=112124"},{"taxonomy":"post_tag","embeddable":true,"href":"https:\/\/linitiative.ca\/International\/wp-json\/wp\/v2\/tags?post=112124"}],"curies":[{"name":"wp","href":"https:\/\/api.w.org\/{rel}","templated":true}]}}