{"id":112127,"date":"2021-02-27T10:18:54","date_gmt":"2021-02-27T15:18:54","guid":{"rendered":"https:\/\/linitiative.ca\/International\/khalil-ajana-on-ambitionne-de-creer-a-dakhla-une-academie-de-formation-aux-metiers-du-tourisme\/"},"modified":"2021-02-27T10:18:54","modified_gmt":"2021-02-27T15:18:54","slug":"khalil-ajana-on-ambitionne-de-creer-a-dakhla-une-academie-de-formation-aux-metiers-du-tourisme","status":"publish","type":"post","link":"https:\/\/linitiative.ca\/International\/khalil-ajana-on-ambitionne-de-creer-a-dakhla-une-academie-de-formation-aux-metiers-du-tourisme\/","title":{"rendered":"Khalil Ajana : \u00abOn ambitionne de cr\u00e9er \u00e0 Dakhla une acad\u00e9mie  de formation aux m\u00e9tiers du tourisme\u00bb"},"content":{"rendered":"<figure class=\"post-thumbnail\" itemprop=\"associatedMedia\" itemscope=\"itemscope\" itemtype=\"http:\/\/schema.org\/ImageObject\"><img decoding=\"async\" class=\"post_layout_5_img\" src=\"http:\/\/aujourdhui.ma\/wp-content\/uploads\/2021\/02\/Khalil-Ajana-On-ambitionne-de-creer-a-Dakhla-une-academie-de-formation-aux-metiers-du-tourisme.jpg\" alt=\"Khalil Ajana : \u00abOn ambitionne de cr\u00e9er \u00e0 Dakhla une acad\u00e9mie de formation aux m\u00e9tiers du tourisme\u00bb\"\/><\/figure>\n<p><span class=\"c5\"><strong>Khalil Ajana, directeur r\u00e9gional du groupe Dakhla Attitude<\/strong><\/span><span id=\"more-369571\"\/><\/p>\n<p><span class=\"c7\"><strong><span class=\"c6\">ALM<\/span> : Le groupe Dakhla Attitude a \u00e9t\u00e9 prim\u00e9 r\u00e9cemment meilleur op\u00e9rateur touristique dans la r\u00e9gion. Que repr\u00e9sente cette distinction pour vous ?<\/strong><\/span><\/p>\n<p><strong><span class=\"c6\">Khalil Ajana<\/span><\/strong> : Cette distinction est tout d\u2019abord le fruit de notre attachement historique au d\u00e9veloppement du secteur touristique dans la r\u00e9gion. Notre groupe fut le premier op\u00e9rateur touristique \u00e0 avoir investi dans la r\u00e9gion de Dakhla et dans la promotion du kitesurf \u00e0 Dakhla, en faisant conna\u00eetre la r\u00e9gion partout dans le monde, \u00e0 travers nos TO partenaires, mais aussi avec le lancement et la co-organisation du championnat mondial du kitesurf de Dakhla depuis maintenant 11 ans, ce qui a permis d\u2019attirer les meilleurs champions du monde dans cette destination. C\u2019est aussi le r\u00e9sultat du travail de tous nos collaborateurs et de la satisfaction que nous donnons \u00e0 tous nos clients marocains et \u00e9trangers qui nous font confiance. Mais aussi gr\u00e2ce au soutien des autorit\u00e9s et \u00e0 leur t\u00eate le wali de la r\u00e9gion, qui apportent leur soutien aux op\u00e9rateurs touristiques de fa\u00e7on g\u00e9n\u00e9rale, en leur cr\u00e9ant les conditions propices au d\u00e9veloppement de l\u2019activit\u00e9 touristique.<\/p>\n<p><span class=\"c8\"><strong>Quelles sont vos ambitions pour les prochaines ann\u00e9es ?<\/strong><\/span><\/p>\n<p>Nos ambitions ne peuvent \u00eatre qu\u2019\u00e0 la hauteur de l\u2019exceptionnel potentiel de croissance et de d\u00e9veloppement que permet cette r\u00e9gion. Nous avons l\u2019ambition de continuer de faire du groupe Dakhla Attitude le 1er op\u00e9rateur pionnier du tourisme de la r\u00e9gion tout en pr\u00e9servant notre ADN que sont le tourisme responsable et la pr\u00e9servation du lagon, le d\u00e9veloppement des sports de glisse et la contribution \u00e0 notre \u00e9chelle \u00e0 l\u2019essor \u00e9conomique et social de cette r\u00e9gion et sa population. Notre ambition est aussi de contribuer \u00e0 la promotion et au renforcement des comp\u00e9tentes locales \u00e0 travers la cr\u00e9ation d\u2019une acad\u00e9mie de formation aux m\u00e9tiers du tourisme.<\/p>\n<p><strong>Comment votre groupe participe-t-il dans le d\u00e9veloppement de l\u2019activit\u00e9 touristique dans la r\u00e9gion de Dakhla ?<\/strong><\/p>\n<p>Notre participation au d\u00e9veloppement de l\u2019activit\u00e9 touristique de la r\u00e9gion se manifeste tout d\u2019abord dans le fait qu\u2019en l\u2019espace de 15 ans, notre groupe a r\u00e9ussi \u00e0 ouvrir 6 \u00e9tablissements touristiques de haut niveau qui emploient pr\u00e8s de 600 personnes. Elle l\u2019est aussi \u00e0 travers la promotion \u00e0 l\u2019international de la destination et notamment l\u2019organisation d\u2019\u00e9v\u00e9nements sportifs internationaux qui font aujourd\u2019hui la r\u00e9putation mondiale de Dakhla et nous allons continuer sur cette voie, notamment avec l\u2019ouverture du consulat am\u00e9ricain \u00e0 Dakhla, avec \u00e0 la cl\u00e9 des perspectives prometteuses d\u2019arriv\u00e9es croissantes de touristes am\u00e9ricains tr\u00e8s orient\u00e9s kitesurf et sport nature. D\u2019ailleurs nous commen\u00e7ons \u00e0 d\u00e9velopper des partenariats avec des TO dans ce sens.<\/p>\n<p><strong>Comment peut-on selon vous am\u00e9liorer l\u2019attractivit\u00e9 de cette r\u00e9gion ?<\/strong><\/p>\n<p>L\u2019attractivit\u00e9 de la r\u00e9gion d\u2019un point de vue touristique est intimement li\u00e9e \u00e0 son environnement naturel exceptionnel, \u00e0 la beaut\u00e9 de ses sites et de son lagon. Il s\u2019agit de continuer \u00e0 pr\u00e9server toute cette richesse naturelle qui donne \u00e0 tous ceux qui viennent \u00e0 Dakhla l\u2019envie d\u2019y revenir. C\u2019est un enjeu primordial pour tous les op\u00e9rateurs touristiques, les acteurs et pouvoirs publics \u00e9galement, d\u2019autant plus que Dakhla est d\u00e9sormais consid\u00e9r\u00e9e comme le futur hub vers l\u2019Afrique, avec le projet du port Atlantique et tous les d\u00e9veloppements des activit\u00e9s du p\u00f4le bleu. L\u2019attractivit\u00e9 de la r\u00e9gion sera \u00e9galement tributaire du d\u00e9veloppement de nouvelles liaisons a\u00e9riennes, notamment avec l\u2019Europe. Nous pourrons aussi profiter du r\u00e9tablissement des relations diplomatiques entre le Maroc et Isra\u00ebl pour le lancement d\u2019une liaison a\u00e9rienne directe entre Dakhla et Tel-Aviv, du fait qu\u2019 il s\u2019agit d\u2019un march\u00e9 qui demeure tr\u00e8s prometteur.<\/p>\n<p>Auteur: Mohamed Laabid<br \/>\n<a href=\"https:\/\/aujourdhui.ma\/culture\/khalil-ajana-on-ambitionne-de-creer-a-dakhla-une-academie-de-formation-aux-metiers-du-tourisme\">Cliquez ici pour lire l&rsquo;article depuis sa source.<\/a><\/p>\n","protected":false},"excerpt":{"rendered":"<p>Khalil Ajana, directeur r\u00e9gional du groupe Dakhla Attitude ALM : Le groupe Dakhla Attitude a \u00e9t\u00e9 prim\u00e9 r\u00e9cemment meilleur op\u00e9rateur touristique dans la r\u00e9gion. Que repr\u00e9sente cette distinction pour vous ? Khalil Ajana : Cette distinction est tout d\u2019abord le fruit de notre attachement historique au d\u00e9veloppement du secteur touristique dans la r\u00e9gion. Notre groupe [&hellip;]<\/p>\n","protected":false},"author":1759,"featured_media":0,"comment_status":"closed","ping_status":"closed","sticky":false,"template":"","format":"standard","meta":{"fifu_image_url":"http:\/\/aujourdhui.ma\/wp-content\/uploads\/2021\/02\/Khalil-Ajana-On-ambitionne-de-creer-a-Dakhla-une-academie-de-formation-aux-metiers-du-tourisme.jpg","fifu_image_alt":"Khalil Ajana : \u00abOn ambitionne de cr\u00e9er \u00e0 Dakhla une acad\u00e9mie  de formation aux m\u00e9tiers du tourisme\u00bb","footnotes":""},"categories":[73,54],"tags":[],"class_list":["post-112127","post","type-post","status-publish","format-standard","hentry","category-actualite","category-maroc"],"_links":{"self":[{"href":"https:\/\/linitiative.ca\/International\/wp-json\/wp\/v2\/posts\/112127","targetHints":{"allow":["GET"]}}],"collection":[{"href":"https:\/\/linitiative.ca\/International\/wp-json\/wp\/v2\/posts"}],"about":[{"href":"https:\/\/linitiative.ca\/International\/wp-json\/wp\/v2\/types\/post"}],"author":[{"embeddable":true,"href":"https:\/\/linitiative.ca\/International\/wp-json\/wp\/v2\/users\/1759"}],"replies":[{"embeddable":true,"href":"https:\/\/linitiative.ca\/International\/wp-json\/wp\/v2\/comments?post=112127"}],"version-history":[{"count":0,"href":"https:\/\/linitiative.ca\/International\/wp-json\/wp\/v2\/posts\/112127\/revisions"}],"wp:attachment":[{"href":"https:\/\/linitiative.ca\/International\/wp-json\/wp\/v2\/media?parent=112127"}],"wp:term":[{"taxonomy":"category","embeddable":true,"href":"https:\/\/linitiative.ca\/International\/wp-json\/wp\/v2\/categories?post=112127"},{"taxonomy":"post_tag","embeddable":true,"href":"https:\/\/linitiative.ca\/International\/wp-json\/wp\/v2\/tags?post=112127"}],"curies":[{"name":"wp","href":"https:\/\/api.w.org\/{rel}","templated":true}]}}