{"id":112130,"date":"2021-02-27T09:59:23","date_gmt":"2021-02-27T14:59:23","guid":{"rendered":"https:\/\/linitiative.ca\/International\/exposition-doeuvres-disabel-alonso-vega-et-bence-magyarlaki\/"},"modified":"2021-02-27T09:59:23","modified_gmt":"2021-02-27T14:59:23","slug":"exposition-doeuvres-disabel-alonso-vega-et-bence-magyarlaki","status":"publish","type":"post","link":"https:\/\/linitiative.ca\/International\/exposition-doeuvres-disabel-alonso-vega-et-bence-magyarlaki\/","title":{"rendered":"Exposition d\u2019\u0153uvres d\u2019Isabel Alonso Vega et Bence Magyarlaki"},"content":{"rendered":"<div readability=\"38\">\n<p>Marrakech \u2013 La fondation \u00ab\u00a0Montresso\u00a0\u00bb pr\u00e9sente actuellement, au Jardin Rouge \u00e0 Marrakech, une exposition exceptionnelle d\u2019\u0153uvres singuli\u00e8res des artistes espagnole, Isabel Alonso Vega et hongrois, Bence Magyarlaki<\/p>\n<\/div>\n<div readability=\"71\">\n<p>Baptis\u00e9e \u00ab\u00a0Entre-deux corps\u00a0\u00bb, cette manifestation de haute facture, qui se poursuit jusqu\u2019au 31 mars prochain, repr\u00e9sente un projet des r\u00e9sidences des deux artistes au Maroc.<\/p>\n<p>\u00ab\u00a0Chacun des artistes interroge, de mani\u00e8re singuli\u00e8re, l\u2019exp\u00e9rience de notre \u00eatre au monde. Si l\u2019\u00eatre conscient est au monde par son corps, il l\u2019est aussi par des pulsions et des affects\u00a0\u00bb, lit-on dans un communiqu\u00e9 de la fondation.<\/p>\n<p>\u00ab\u00a0Ce sont ces diff\u00e9rents fragments que donnent \u00e0 voir Isabel Alonso Vega et Bence Magyarlaki\u00a0\u00bb, souligne la m\u00eame source.<\/p>\n<p>A Jardin Rouge, Isabel Alonso Vega exp\u00e9rimente diff\u00e9rents m\u00e9diums et immortalise dans ses sculptures et ses dessins l\u2019intangible, l\u2019incertain. \u00ab\u00a0Ses \u0153uvres scrutent nos rapports \u00e0 la peur et aux souffrances. Elles fonctionnent comme un pi\u00e8ge \u00e0 regard, ses figures sont des abstractions de la r\u00e9alit\u00e9. Elles sont les agr\u00e9gats de lieux lumineux et \u00e9trangement beaux, de corps d\u00e9li\u00e9s et quelque peu effrayants\u2026\u00a0\u00bb, rel\u00e8ve le communiqu\u00e9.<\/p>\n<p>Et de poursuivre qu\u2019au cours de sa premi\u00e8re r\u00e9sidence au Maroc, Bence Magyarlaki s\u2019est int\u00e9ress\u00e9, lui, au rapport du corps et de l\u2019architecture, en explorant la tension entre le confinement architectural et le corps mat\u00e9riel.<\/p>\n<p>\u00ab\u00a0Dans un processus intuitif d\u2019unification du langage, l\u2019artiste utilise la m\u00e9moire corporelle comme lieu de production\u00a0\u00bb, conclut la m\u00eame source.<\/p>\n<\/div>\n<p>Auteur: Meriem IGASS<br \/>\n<a href=\"http:\/\/www.mapmarrakech.ma\/fr\/immersion-dans-lunivers-artistique-disabel-alonso-vega-et-bence-magyarlaki\/\">Cliquez ici pour lire l&rsquo;article depuis sa source.<\/a><\/p>\n","protected":false},"excerpt":{"rendered":"<p>Marrakech \u2013 La fondation \u00ab\u00a0Montresso\u00a0\u00bb pr\u00e9sente actuellement, au Jardin Rouge \u00e0 Marrakech, une exposition exceptionnelle d\u2019\u0153uvres singuli\u00e8res des artistes espagnole, Isabel Alonso Vega et hongrois, Bence Magyarlaki Baptis\u00e9e \u00ab\u00a0Entre-deux corps\u00a0\u00bb, cette manifestation de haute facture, qui se poursuit jusqu\u2019au 31 mars prochain, repr\u00e9sente un projet des r\u00e9sidences des deux artistes au Maroc. \u00ab\u00a0Chacun des artistes [&hellip;]<\/p>\n","protected":false},"author":1788,"featured_media":0,"comment_status":"closed","ping_status":"closed","sticky":false,"template":"","format":"standard","meta":{"fifu_image_url":"","fifu_image_alt":"","footnotes":""},"categories":[54,76],"tags":[],"class_list":["post-112130","post","type-post","status-publish","format-standard","hentry","category-maroc","category-regions"],"_links":{"self":[{"href":"https:\/\/linitiative.ca\/International\/wp-json\/wp\/v2\/posts\/112130","targetHints":{"allow":["GET"]}}],"collection":[{"href":"https:\/\/linitiative.ca\/International\/wp-json\/wp\/v2\/posts"}],"about":[{"href":"https:\/\/linitiative.ca\/International\/wp-json\/wp\/v2\/types\/post"}],"author":[{"embeddable":true,"href":"https:\/\/linitiative.ca\/International\/wp-json\/wp\/v2\/users\/1788"}],"replies":[{"embeddable":true,"href":"https:\/\/linitiative.ca\/International\/wp-json\/wp\/v2\/comments?post=112130"}],"version-history":[{"count":0,"href":"https:\/\/linitiative.ca\/International\/wp-json\/wp\/v2\/posts\/112130\/revisions"}],"wp:attachment":[{"href":"https:\/\/linitiative.ca\/International\/wp-json\/wp\/v2\/media?parent=112130"}],"wp:term":[{"taxonomy":"category","embeddable":true,"href":"https:\/\/linitiative.ca\/International\/wp-json\/wp\/v2\/categories?post=112130"},{"taxonomy":"post_tag","embeddable":true,"href":"https:\/\/linitiative.ca\/International\/wp-json\/wp\/v2\/tags?post=112130"}],"curies":[{"name":"wp","href":"https:\/\/api.w.org\/{rel}","templated":true}]}}