{"id":112131,"date":"2021-02-27T12:08:22","date_gmt":"2021-02-27T17:08:22","guid":{"rendered":"https:\/\/linitiative.ca\/International\/fortes-averses-orageuses-et-des-chutes-de-neige\/"},"modified":"2021-02-27T12:08:22","modified_gmt":"2021-02-27T17:08:22","slug":"fortes-averses-orageuses-et-des-chutes-de-neige","status":"publish","type":"post","link":"https:\/\/linitiative.ca\/International\/fortes-averses-orageuses-et-des-chutes-de-neige\/","title":{"rendered":"Fortes averses orageuses et des chutes de neige"},"content":{"rendered":"<div readability=\"34\">\n<p>De fortes averses parfois orageuses et des chutes de neige sont attendues du samedi au lundi dans plusieurs provinces du Royaume, a annonc\u00e9 la Direction g\u00e9n\u00e9rale de la m\u00e9t\u00e9orologie (DGM).<\/p>\n<\/div>\n<div readability=\"80\">\n<p>Ainsi, de fortes averses orageuses de niveau orange (25 \u00e0 40mm) sont pr\u00e9vues samedi de 15H \u00e0 23H dans les provinces de Ouarzazate, Tinghir, Kh\u00e9misset, Khouribga et Zagora, a pr\u00e9cis\u00e9 samedi la DGM dans un bulletin d\u2019alerte.<\/p>\n<p>Des fortes averses (30 \u00e0 60mm) sont \u00e9galement attendues du dimanche \u00e0 15H au lundi \u00e0 7H dans les provinces de Sidi Kacem, Sidi Slimane, Kh\u00e9misset, K\u00e9nitra, Larache, Ouezzane, Chefchaouen, T\u00e9touan et Mdiq-Fnideq, a ajout\u00e9 la m\u00eame source, faisant savoir que ces averses seront accompagn\u00e9es localement par la gr\u00eale.<\/p>\n<p>La DGM a \u00e9galement indiqu\u00e9 que des averses orageuses localement mod\u00e9r\u00e9es (15 \u00e0 25mm) int\u00e9resseront samedi de 15H \u00e0 20H les provinces et pr\u00e9fectures d\u2019El Hajeb, Mekn\u00e8s, F\u00e8s, Settat et Youssoufia et le dimanche de 16H \u00e0 23H les provinces de Khouribga, Settat, Fqih Ben Salah, El Kelaa des Sraghna et Rehamna.<\/p>\n<p>Par ailleurs, des chutes de neige sont pr\u00e9vues, samedi et dimanche, \u00e0 partir de 1.400 m (10 \u00e0 30 cm) dans les provinces d\u2019Al Haouz, Azilal, B\u00e9ni Mellal, Chichaoua, Midelt, Ouarzazate, Taroudant et Tinghir, a ajout\u00e9 la m\u00eame source, notant que des faibles chutes de neige (10 \u00e0 15 cm) int\u00e9resseront durant la m\u00eame validit\u00e9 les reliefs du Moyen Atlas (Ifrane et Boulmane).<\/p>\n<\/div>\n<p>Auteur: Meriem IGASS<br \/>\n<a href=\"http:\/\/www.mapmarrakech.ma\/fr\/fortes-averses-orageuses-et-des-chutes-de-neige\/\">Cliquez ici pour lire l&rsquo;article depuis sa source.<\/a><\/p>\n","protected":false},"excerpt":{"rendered":"<p>De fortes averses parfois orageuses et des chutes de neige sont attendues du samedi au lundi dans plusieurs provinces du Royaume, a annonc\u00e9 la Direction g\u00e9n\u00e9rale de la m\u00e9t\u00e9orologie (DGM). Ainsi, de fortes averses orageuses de niveau orange (25 \u00e0 40mm) sont pr\u00e9vues samedi de 15H \u00e0 23H dans les provinces de Ouarzazate, Tinghir, Kh\u00e9misset, [&hellip;]<\/p>\n","protected":false},"author":1788,"featured_media":0,"comment_status":"closed","ping_status":"closed","sticky":false,"template":"","format":"standard","meta":{"fifu_image_url":"","fifu_image_alt":"","footnotes":""},"categories":[54,76],"tags":[],"class_list":["post-112131","post","type-post","status-publish","format-standard","hentry","category-maroc","category-regions"],"_links":{"self":[{"href":"https:\/\/linitiative.ca\/International\/wp-json\/wp\/v2\/posts\/112131","targetHints":{"allow":["GET"]}}],"collection":[{"href":"https:\/\/linitiative.ca\/International\/wp-json\/wp\/v2\/posts"}],"about":[{"href":"https:\/\/linitiative.ca\/International\/wp-json\/wp\/v2\/types\/post"}],"author":[{"embeddable":true,"href":"https:\/\/linitiative.ca\/International\/wp-json\/wp\/v2\/users\/1788"}],"replies":[{"embeddable":true,"href":"https:\/\/linitiative.ca\/International\/wp-json\/wp\/v2\/comments?post=112131"}],"version-history":[{"count":0,"href":"https:\/\/linitiative.ca\/International\/wp-json\/wp\/v2\/posts\/112131\/revisions"}],"wp:attachment":[{"href":"https:\/\/linitiative.ca\/International\/wp-json\/wp\/v2\/media?parent=112131"}],"wp:term":[{"taxonomy":"category","embeddable":true,"href":"https:\/\/linitiative.ca\/International\/wp-json\/wp\/v2\/categories?post=112131"},{"taxonomy":"post_tag","embeddable":true,"href":"https:\/\/linitiative.ca\/International\/wp-json\/wp\/v2\/tags?post=112131"}],"curies":[{"name":"wp","href":"https:\/\/api.w.org\/{rel}","templated":true}]}}