{"id":112134,"date":"2021-02-26T17:44:51","date_gmt":"2021-02-26T22:44:51","guid":{"rendered":"https:\/\/linitiative.ca\/International\/fmej-la-creation-de-la-section-regionale-un-acquis-important-pour-relever-les-defis\/"},"modified":"2021-02-26T17:44:51","modified_gmt":"2021-02-26T22:44:51","slug":"fmej-la-creation-de-la-section-regionale-un-acquis-important-pour-relever-les-defis","status":"publish","type":"post","link":"https:\/\/linitiative.ca\/International\/fmej-la-creation-de-la-section-regionale-un-acquis-important-pour-relever-les-defis\/","title":{"rendered":"FMEJ: La cr\u00e9ation de la section r\u00e9gionale, un acquis important pour relever les d\u00e9fis"},"content":{"rendered":"<p class=\"c4\">La cr\u00e9ation de la section r\u00e9gionale de l\u2019Oriental de la F\u00e9d\u00e9ration marocaine des \u00e9diteurs de journaux (FMEJ) constitue un acquis important pour f\u00e9d\u00e9rer les professionnels en vue de relever les d\u00e9fis, a soulign\u00e9 la FMEJ.<\/p>\n<p class=\"c4\">Dans un communiqu\u00e9 final sanctionnant les travaux de l\u2019Assembl\u00e9e g\u00e9n\u00e9rale constitutive de cette section r\u00e9gionale, tenue vendredi \u00e0 Oujda avec la participation des entreprises structur\u00e9es et sous la supervision du bureau ex\u00e9cutif de la f\u00e9d\u00e9ration, la FMEJ a salu\u00e9 cet acquis organisationnel qui intervient dans un contexte sensible.<\/p>\n<p class=\"c4\">La constitution de cette section s\u2019inscrit dans le cadre de la nouvelle dynamique organisationnelle de la f\u00e9d\u00e9ration qui fait de l\u2019encadrement r\u00e9gional un pilier strat\u00e9gique, a affirm\u00e9 la f\u00e9d\u00e9ration, notant que cet outil organisationnel n\u2019est pas une fin en soi, mais un moyen pour promouvoir la situation des entreprises de presse au niveau de la r\u00e9gion, afin qu\u2019elles puissent am\u00e9liorer leur rendement dans le cadre de leur responsabilit\u00e9 sociale.<\/p>\n<p class=\"c4\">Les \u00e9diteurs de journaux de l\u2019Oriental partagent le diagnostic de la situation de crise que vivent les m\u00e9dias dans cette r\u00e9gion, face \u00e0 l\u2019absence de partenariats prenant en consid\u00e9ration les sp\u00e9cificit\u00e9s de la r\u00e9gion, ainsi que la raret\u00e9, voire l\u2019absence de ressources publicitaires, le manque de communication institutionnelle et une situation de pr\u00e9carit\u00e9 g\u00e9n\u00e9rale, des facteurs qui font de la presse un secteur sinistr\u00e9 dans la r\u00e9gion de l\u2019Oriental.<\/p>\n<p class=\"c4\">A cet \u00e9gard, les participants \u00e0 cette rencontre ont soulign\u00e9 la n\u00e9cessit\u00e9 de prendre des mesures urgentes de sauvetage, \u00e0 la hauteur des efforts d\u00e9ploy\u00e9s par les \u00e9diteurs de journaux dans une zone frontali\u00e8re, un contexte g\u00e9ographique ayant \u00e0 la fois une dimension r\u00e9elle et palpable et une dimension symbolique forte.<\/p>\n<p class=\"c4\">Par ailleurs, l\u2019Assembl\u00e9e g\u00e9n\u00e9rale a annonc\u00e9 la mobilisation pour la mise \u00e0 niveau et la d\u00e9fense des causes nationales vitales, appelant l\u2019ensemble des \u00e9diteurs \u00e0 fournir davantage d\u2019efforts pour l\u2019am\u00e9lioration professionnelle et \u00e9thique dans le cadre d\u2019une presse s\u00e9rieuse et ind\u00e9pendante, pr\u00e9servant la dignit\u00e9 des journalistes et leurs acquis et contribuant de mani\u00e8re active \u00e0 installer la confiance entre les m\u00e9dias et le public de la r\u00e9gion en g\u00e9n\u00e9ral et les \u00e9lites r\u00e9gionales en particulier.<\/p>\n<p class=\"c4\">L\u2019Assembl\u00e9e g\u00e9n\u00e9rale constitutive a, en outre, mis en exergue son adh\u00e9sion \u00e0 l\u2019appel de la FMEJ, dit \u00abAppel d\u2019Oujda\u00bb, visant \u00e0 faire de la presse maghr\u00e9bine un outil de rapprochement entre les pays du Grand Maghreb, au lieu d\u2019\u00eatre utilis\u00e9e par certains pour nourrir les rancunes du pass\u00e9 et entretenir l\u2019animosit\u00e9 et la dispersion.<\/p>\n<p class=\"c4\">Les participants \u00e0 cette Assembl\u00e9e g\u00e9n\u00e9rale constitutive ont \u00e9lu le bureau de la section de la FMEJ dans la r\u00e9gion de l\u2019Oriental, comportant Mohamed Lherd (pr\u00e9sident), Anas Ezzizi et Abdessamad Belaziz (vice-pr\u00e9sidents), Mustafa Raji (secr\u00e9taire g\u00e9n\u00e9ral), Mounia Hadaoui (secr\u00e9taire g\u00e9n\u00e9rale adjointe), Abdelali Jabri (tr\u00e9sorier), Ahmed La\u00e2raissi (tr\u00e9sorier adjoint), Hafida Boudra (charg\u00e9e des relations publiques), Abdelmajid Amyay (porte-parole) et Houcine Daoudi, Najib El Ma\u00e2lem, Mahfoud Kaitouni et Abbas Ayada (conseillers).<\/p>\n<p>Auteur: Soufiane ELAHMAR<br \/>\n<a href=\"http:\/\/www.mapoujda.ma\/fr\/fmej-la-creation-de-la-section-regionale-un-acquis-important-pour-relever-les-defis\/\">Cliquez ici pour lire l&rsquo;article depuis sa source.<\/a><\/p>\n","protected":false},"excerpt":{"rendered":"<p>La cr\u00e9ation de la section r\u00e9gionale de l\u2019Oriental de la F\u00e9d\u00e9ration marocaine des \u00e9diteurs de journaux (FMEJ) constitue un acquis important pour f\u00e9d\u00e9rer les professionnels en vue de relever les d\u00e9fis, a soulign\u00e9 la FMEJ. Dans un communiqu\u00e9 final sanctionnant les travaux de l\u2019Assembl\u00e9e g\u00e9n\u00e9rale constitutive de cette section r\u00e9gionale, tenue vendredi \u00e0 Oujda avec [&hellip;]<\/p>\n","protected":false},"author":1788,"featured_media":0,"comment_status":"closed","ping_status":"closed","sticky":false,"template":"","format":"standard","meta":{"fifu_image_url":"","fifu_image_alt":"","footnotes":""},"categories":[54,76],"tags":[],"class_list":["post-112134","post","type-post","status-publish","format-standard","hentry","category-maroc","category-regions"],"_links":{"self":[{"href":"https:\/\/linitiative.ca\/International\/wp-json\/wp\/v2\/posts\/112134","targetHints":{"allow":["GET"]}}],"collection":[{"href":"https:\/\/linitiative.ca\/International\/wp-json\/wp\/v2\/posts"}],"about":[{"href":"https:\/\/linitiative.ca\/International\/wp-json\/wp\/v2\/types\/post"}],"author":[{"embeddable":true,"href":"https:\/\/linitiative.ca\/International\/wp-json\/wp\/v2\/users\/1788"}],"replies":[{"embeddable":true,"href":"https:\/\/linitiative.ca\/International\/wp-json\/wp\/v2\/comments?post=112134"}],"version-history":[{"count":0,"href":"https:\/\/linitiative.ca\/International\/wp-json\/wp\/v2\/posts\/112134\/revisions"}],"wp:attachment":[{"href":"https:\/\/linitiative.ca\/International\/wp-json\/wp\/v2\/media?parent=112134"}],"wp:term":[{"taxonomy":"category","embeddable":true,"href":"https:\/\/linitiative.ca\/International\/wp-json\/wp\/v2\/categories?post=112134"},{"taxonomy":"post_tag","embeddable":true,"href":"https:\/\/linitiative.ca\/International\/wp-json\/wp\/v2\/tags?post=112134"}],"curies":[{"name":"wp","href":"https:\/\/api.w.org\/{rel}","templated":true}]}}