{"id":112135,"date":"2021-02-27T10:38:02","date_gmt":"2021-02-27T15:38:02","guid":{"rendered":"https:\/\/linitiative.ca\/International\/nidaa-oujda-une-invitation-pour-le-rapprochement-intermaghrebin-et-le-rejet-du-discours-de-division\/"},"modified":"2021-02-27T10:38:02","modified_gmt":"2021-02-27T15:38:02","slug":"nidaa-oujda-une-invitation-pour-le-rapprochement-intermaghrebin-et-le-rejet-du-discours-de-division","status":"publish","type":"post","link":"https:\/\/linitiative.ca\/International\/nidaa-oujda-une-invitation-pour-le-rapprochement-intermaghrebin-et-le-rejet-du-discours-de-division\/","title":{"rendered":"\u00ab\u00a0Nidaa Oujda\u00a0\u00bb, une invitation pour le rapprochement intermaghr\u00e9bin et le rejet du discours de division"},"content":{"rendered":"<p class=\"c4\">Les \u00e9diteurs des journaux marocains et les personnalit\u00e9s civiles, r\u00e9unis samedi \u00e0 Oujda, ont lanc\u00e9 \u00ab\u00a0Nidaa Oujda\u00a0\u00bb (l\u2019appel d\u2019Oujda) dans lequel ils invitent leurs coll\u00e8gues dans les pays du Maghreb et les \u00e9lites \u00e9clair\u00e9es en g\u00e9n\u00e9ral, \u00e0 \u0153uvrer inlassablement \u00e0 la promotion du rapprochement, au rejet du discours de division et \u00e0 arr\u00eater d\u2019attiser les hostilit\u00e9s artificielles.<\/p>\n<p class=\"c4\">\u00abNidaa Oujda\u00bb, dont lecture a \u00e9t\u00e9 donn\u00e9e \u00e0 l\u2019issue d\u2019une conf\u00e9rence nationale organis\u00e9e par la F\u00e9d\u00e9ration marocaine des \u00e9diteurs de journaux (FMEJ), met en avant les liens profonds unissant les peuples du Grand Maghreb, le r\u00eave de l\u2019unit\u00e9 maghr\u00e9bine embrass\u00e9 par les g\u00e9n\u00e9rations et la conviction que les v\u00e9ritables int\u00e9r\u00eats des pays maghr\u00e9bins sont les m\u00eames int\u00e9r\u00eats communs de leurs peuples.<\/p>\n<p class=\"c4\">Et d\u2019insister que le Grand Maghreb, qui ne supporte plus davantage de fragmentation, a besoin de plumes unionistes qui traduisent sinc\u00e8rement les aspirations des peuples du Maghreb \u00e0 l\u2019int\u00e9gration n\u00e9cessaire au d\u00e9veloppement, \u00e0 la d\u00e9mocratie, \u00e0 la dignit\u00e9 et \u00e0 la libert\u00e9.<\/p>\n<p class=\"c4\">\u00ab\u00a0C\u2019est pourquoi nous tendons la main \u00e0 nos coll\u00e8gues et fr\u00e8res du Grand Maghreb en g\u00e9n\u00e9ral, et en Alg\u00e9rie s\u0153ur en particulier, pour faire partie de la solution et non pas du probl\u00e8me, et unir nos lignes \u00e9ditoriales et humaines en faveur de la d\u00e9fense d\u2019un avenir d\u2019int\u00e9gration au lieu de rester otages des rancunes du pass\u00e9\u00a0\u00bb, pr\u00e9cisent les auteurs de cet appel.<\/p>\n<p class=\"c4\">\u00ab\u00a0Nous, au sein de la F\u00e9d\u00e9ration Marocaine des \u00c9diteurs de Journaux, sommes plus que jamais appel\u00e9s, ainsi que nos fr\u00e8res et coll\u00e8gues du Grand Maghreb, \u00e0 consid\u00e9rer la d\u00e9fense de l\u2019int\u00e9gration maghr\u00e9bine comme partie int\u00e9grante des valeurs professionnelles nobles qui r\u00e9gissent notre action\u00a0\u00bb, rel\u00e8vent-ils.<\/p>\n<p class=\"c4\">Il s\u2019agit aussi de plaider en faveur de cette int\u00e9gration et d\u2019\u00e9viter tout ce qui pourrait la contrarier en tant qu\u2019ambition, tels que les \u00ab\u00a0Fake news\u00a0\u00bb, les confrontations st\u00e9riles ou les convulsions qui vont \u00e0 l\u2019encontre de \u00ab\u00a0notre responsabilit\u00e9 sociale et notre r\u00f4le en tant que contributeurs \u00e0 la r\u00e9alisation des aspirations l\u00e9gitimes de nos soci\u00e9t\u00e9s\u00a0\u00bb.<\/p>\n<p class=\"c4\">A cet effet, \u00ab\u00a0Nidaa Oujda\u00a0\u00bb invite l\u2019ensemble des coll\u00e8gues et fr\u00e8res au sein du Grand Maghreb \u00e0 \u0153uvrer pour la mise en \u0153uvre de la Charte maghr\u00e9bine de d\u00e9ontologie r\u00e9dig\u00e9e et sign\u00e9e en 2012 dans la ville tunisienne de Hammamet, et \u00e0 s\u2019atteler \u00e0 la cr\u00e9ation dans un proche avenir de la F\u00e9d\u00e9ration Maghr\u00e9bine des \u00c9diteurs de Journaux, afin de contribuer efficacement \u00e0 l\u2019\u00e9dification de l\u2019Union maghr\u00e9bine souhait\u00e9e, \u00e0 travers une presse libre, responsable et respectueuse de l\u2019\u00e9thique.<\/p>\n<p class=\"c4\">La conf\u00e9rence nationale organis\u00e9e par la FMEJ autour du th\u00e8me \u00ab\u00a0Le r\u00f4le de la presse du Grand Maghreb dans l\u2019int\u00e9gration maghr\u00e9bine\u00a0\u00bb a \u00e9t\u00e9 anim\u00e9e par MM. Seddik Ma\u00e2ninou, Khalil Hachimi Idrissi et Abdelhamid Jmahri, en pr\u00e9sence de plusieurs personnalit\u00e9s de divers horizons.<\/p>\n<p class=\"c4\">Cette rencontre a \u00e9t\u00e9 pr\u00e9c\u00e9d\u00e9e par la tenue, vendredi, de l\u2019assembl\u00e9e g\u00e9n\u00e9rale constitutive de la section de la F\u00e9d\u00e9ration marocaine des \u00e9diteurs de journaux dans la r\u00e9gion de l\u2019Oriental.<\/p>\n<p class=\"c4\">La cr\u00e9ation de cette section, sous la supervision du bureau ex\u00e9cutif de la F\u00e9d\u00e9ration, a pour objectif de doter la r\u00e9gion de l\u2019Oriental d\u2019un outil organisationnel efficace visant \u00e0 promouvoir les conditions professionnelles, \u00e9conomiques et sociales des \u00e9tablissements m\u00e9diatiques et des journalistes.<\/p>\n<p>Auteur: Soufiane ELAHMAR<br \/>\n<a href=\"http:\/\/www.mapoujda.ma\/fr\/nidaa-oujda-une-invitation-pour-le-rapprochement-intermaghrebin-et-le-rejet-du-discours-de-division\/\">Cliquez ici pour lire l&rsquo;article depuis sa source.<\/a><\/p>\n","protected":false},"excerpt":{"rendered":"<p>Les \u00e9diteurs des journaux marocains et les personnalit\u00e9s civiles, r\u00e9unis samedi \u00e0 Oujda, ont lanc\u00e9 \u00ab\u00a0Nidaa Oujda\u00a0\u00bb (l\u2019appel d\u2019Oujda) dans lequel ils invitent leurs coll\u00e8gues dans les pays du Maghreb et les \u00e9lites \u00e9clair\u00e9es en g\u00e9n\u00e9ral, \u00e0 \u0153uvrer inlassablement \u00e0 la promotion du rapprochement, au rejet du discours de division et \u00e0 arr\u00eater d\u2019attiser les [&hellip;]<\/p>\n","protected":false},"author":1788,"featured_media":0,"comment_status":"closed","ping_status":"closed","sticky":false,"template":"","format":"standard","meta":{"fifu_image_url":"","fifu_image_alt":"","footnotes":""},"categories":[54,76],"tags":[],"class_list":["post-112135","post","type-post","status-publish","format-standard","hentry","category-maroc","category-regions"],"_links":{"self":[{"href":"https:\/\/linitiative.ca\/International\/wp-json\/wp\/v2\/posts\/112135","targetHints":{"allow":["GET"]}}],"collection":[{"href":"https:\/\/linitiative.ca\/International\/wp-json\/wp\/v2\/posts"}],"about":[{"href":"https:\/\/linitiative.ca\/International\/wp-json\/wp\/v2\/types\/post"}],"author":[{"embeddable":true,"href":"https:\/\/linitiative.ca\/International\/wp-json\/wp\/v2\/users\/1788"}],"replies":[{"embeddable":true,"href":"https:\/\/linitiative.ca\/International\/wp-json\/wp\/v2\/comments?post=112135"}],"version-history":[{"count":0,"href":"https:\/\/linitiative.ca\/International\/wp-json\/wp\/v2\/posts\/112135\/revisions"}],"wp:attachment":[{"href":"https:\/\/linitiative.ca\/International\/wp-json\/wp\/v2\/media?parent=112135"}],"wp:term":[{"taxonomy":"category","embeddable":true,"href":"https:\/\/linitiative.ca\/International\/wp-json\/wp\/v2\/categories?post=112135"},{"taxonomy":"post_tag","embeddable":true,"href":"https:\/\/linitiative.ca\/International\/wp-json\/wp\/v2\/tags?post=112135"}],"curies":[{"name":"wp","href":"https:\/\/api.w.org\/{rel}","templated":true}]}}