{"id":112136,"date":"2021-02-27T10:45:02","date_gmt":"2021-02-27T15:45:02","guid":{"rendered":"https:\/\/linitiative.ca\/International\/creation-dune-section-de-la-fmej-dans-la-region-de-loriental\/"},"modified":"2021-02-27T10:45:02","modified_gmt":"2021-02-27T15:45:02","slug":"creation-dune-section-de-la-fmej-dans-la-region-de-loriental","status":"publish","type":"post","link":"https:\/\/linitiative.ca\/International\/creation-dune-section-de-la-fmej-dans-la-region-de-loriental\/","title":{"rendered":"Cr\u00e9ation d\u2019une section de la FMEJ dans la r\u00e9gion de l\u2019Oriental"},"content":{"rendered":"<p><iframe loading=\"lazy\" width=\"1170\" height=\"658\" src=\"https:\/\/www.youtube.com\/embed\/5YKDOZm_Odc?feature=oembed\" frameborder=\"0\" allow=\"accelerometer; autoplay; clipboard-write; encrypted-media; gyroscope; picture-in-picture\" allowfullscreen=\"allowfullscreen\">[embedded content]<\/iframe><\/p>\n<div class=\"single-post-excerpt post-excerpt-bc\" readability=\"37\">\n<p>L\u2019Assembl\u00e9e g\u00e9n\u00e9rale constitutive d\u2019une section de la F\u00e9d\u00e9ration marocaine des \u00e9diteurs de journaux (FMEJ) dans la r\u00e9gion de l\u2019Oriental a eu lieu, vendredi \u00e0 Oujda, sous le th\u00e8me \u00ab La presse r\u00e9gionale, miroir du d\u00e9veloppement territorial \u00bb.<\/p>\n<\/div>\n<p>Auteur: Soufiane ELAHMAR<br \/>\n<a href=\"http:\/\/www.mapoujda.ma\/fr\/creation-dune-section-de-la-fmej-dans-la-region-de-loriental-2\/\">Cliquez ici pour lire l&rsquo;article depuis sa source.<\/a><\/p>\n","protected":false},"excerpt":{"rendered":"<p>[embedded content] L\u2019Assembl\u00e9e g\u00e9n\u00e9rale constitutive d\u2019une section de la F\u00e9d\u00e9ration marocaine des \u00e9diteurs de journaux (FMEJ) dans la r\u00e9gion de l\u2019Oriental a eu lieu, vendredi \u00e0 Oujda, sous le th\u00e8me \u00ab La presse r\u00e9gionale, miroir du d\u00e9veloppement territorial \u00bb. Auteur: Soufiane ELAHMAR Cliquez ici pour lire l&rsquo;article depuis sa source.<\/p>\n","protected":false},"author":1788,"featured_media":0,"comment_status":"closed","ping_status":"closed","sticky":false,"template":"","format":"standard","meta":{"fifu_image_url":"","fifu_image_alt":"","footnotes":""},"categories":[54,76],"tags":[],"class_list":["post-112136","post","type-post","status-publish","format-standard","hentry","category-maroc","category-regions"],"_links":{"self":[{"href":"https:\/\/linitiative.ca\/International\/wp-json\/wp\/v2\/posts\/112136","targetHints":{"allow":["GET"]}}],"collection":[{"href":"https:\/\/linitiative.ca\/International\/wp-json\/wp\/v2\/posts"}],"about":[{"href":"https:\/\/linitiative.ca\/International\/wp-json\/wp\/v2\/types\/post"}],"author":[{"embeddable":true,"href":"https:\/\/linitiative.ca\/International\/wp-json\/wp\/v2\/users\/1788"}],"replies":[{"embeddable":true,"href":"https:\/\/linitiative.ca\/International\/wp-json\/wp\/v2\/comments?post=112136"}],"version-history":[{"count":0,"href":"https:\/\/linitiative.ca\/International\/wp-json\/wp\/v2\/posts\/112136\/revisions"}],"wp:attachment":[{"href":"https:\/\/linitiative.ca\/International\/wp-json\/wp\/v2\/media?parent=112136"}],"wp:term":[{"taxonomy":"category","embeddable":true,"href":"https:\/\/linitiative.ca\/International\/wp-json\/wp\/v2\/categories?post=112136"},{"taxonomy":"post_tag","embeddable":true,"href":"https:\/\/linitiative.ca\/International\/wp-json\/wp\/v2\/tags?post=112136"}],"curies":[{"name":"wp","href":"https:\/\/api.w.org\/{rel}","templated":true}]}}