{"id":112137,"date":"2021-02-27T14:23:53","date_gmt":"2021-02-27T19:23:53","guid":{"rendered":"https:\/\/linitiative.ca\/International\/les-medias-maghrebins-appeles-a-voir-au-dela-de-la-conflictualite-ambiante-pour-aider-a-relancer-le-grand-maghreb\/"},"modified":"2021-02-27T14:23:53","modified_gmt":"2021-02-27T19:23:53","slug":"les-medias-maghrebins-appeles-a-voir-au-dela-de-la-conflictualite-ambiante-pour-aider-a-relancer-le-grand-maghreb","status":"publish","type":"post","link":"https:\/\/linitiative.ca\/International\/les-medias-maghrebins-appeles-a-voir-au-dela-de-la-conflictualite-ambiante-pour-aider-a-relancer-le-grand-maghreb\/","title":{"rendered":"Les m\u00e9dias maghr\u00e9bins appel\u00e9s \u00e0 voir au-del\u00e0 de la conflictualit\u00e9 ambiante pour aider \u00e0 relancer le Grand Maghreb"},"content":{"rendered":"<p class=\"c4\">Des hommes des m\u00e9dias et intellectuels marocains ont appel\u00e9, lors d\u2019une conf\u00e9rence nationale organis\u00e9e samedi \u00e0 Oujda, les m\u00e9dias maghr\u00e9bins \u00e0 voir au-del\u00e0 de la conflictualit\u00e9 ambiante dans la r\u00e9gion pour donner de l\u2019espoir aux Maghr\u00e9bins et aider \u00e0 relancer le projet du Grand Maghreb.<\/p>\n<p class=\"c4\">Les intervenants lors de cette rencontre, organis\u00e9e par la F\u00e9d\u00e9ration marocaine des \u00e9diteurs de journaux (FMEJ) sous le th\u00e8me \u00ab\u00a0Le r\u00f4le de la presse du Grand Maghreb dans l\u2019int\u00e9gration maghr\u00e9bine\u00a0\u00bb, ont soulign\u00e9 que les m\u00e9dias \u00ab\u00a0doivent faire partie de la solution, et non du probl\u00e8me\u00a0\u00bb, et promouvoir la cr\u00e9ation d\u2019un Grand Maghreb qui puisse se d\u00e9velopper dans un esprit de compl\u00e9mentarit\u00e9 et non de rapports de force.<\/p>\n<p class=\"c4\">Selon les conf\u00e9renciers, les derniers d\u00e9veloppements sur la sc\u00e8ne r\u00e9gionale pr\u00e9disent des changements profonds, notamment du c\u00f4t\u00e9 des acteurs \u00e0 l\u2019origine de la situation de blocage du r\u00eave maghr\u00e9bin. Des mutations qui pourraient favoriser le renouveau de l\u2019id\u00e9e maghr\u00e9bine \u00e0 travers de jeunes g\u00e9n\u00e9rations lib\u00e9r\u00e9es des dogmes obsol\u00e8tes.<\/p>\n<p class=\"c4\">Pour le Directeur g\u00e9n\u00e9ral de la MAP, Khalil Hachimi Idrissi, un changement de paradigme s\u2019op\u00e8re dans la r\u00e9gion, \u00e0 m\u00eame de mettre fin \u00e0 une logique de conflictualit\u00e9 vieille de 60 ans, nourrie par les adversaires de l\u2019int\u00e9grit\u00e9 territoriale du Royaume et responsable du gel du projet maghr\u00e9bin.<\/p>\n<p class=\"c4\">Le retour du Maroc \u00e0 l\u2019Union africaine, le Hirak alg\u00e9rien, l\u2019op\u00e9ration de r\u00e9tablissement de la libre circulation \u00e0 El Guerguarat, la reconnaissance am\u00e9ricaine de la marocanit\u00e9 du Sahara et la reprise des contacts avec Isra\u00ebl, sont autant d\u2019\u00e9v\u00e8nements annonciateurs de ce changement de paradigme, a-t-il estim\u00e9, regrettant qu\u2019une certaine presse alg\u00e9rienne choisisse de s\u2019enfermer dans le d\u00e9ni de ces faits tangibles au lieu de les analyser et en tirer les conclusions qui s\u2019imposent.<\/p>\n<p class=\"c4\">\u00abLa transition est en marche et le nouveau paradigme est celui de l\u2019union, de la coop\u00e9ration, de l\u2019\u00e9conomie, de la fraternit\u00e9 et du vivre-ensemble\u00bb, a not\u00e9 M. Hachimi Idrissi, ajoutant que dans cette optique, les m\u00e9dias maghr\u00e9bins doivent jouer le r\u00f4le de facteurs du rapprochement plut\u00f4t que celui d\u2019acteurs de la division.<\/p>\n<p class=\"c4\">Cela passe d\u2019abord par donner des informations vraies, recoup\u00e9es, et refuser les discours de propagande et les \u00abFake News\u00bb comme celles v\u00e9hicul\u00e9es par les m\u00e9dias alg\u00e9riens au sujet de la situation dans le Sahara marocain, a-t-il dit.<\/p>\n<p class=\"c4\">De son c\u00f4t\u00e9, l\u2019\u00e9crivain et journaliste Seddik Ma\u00e2ninou, est revenu sur des exp\u00e9riences m\u00e9diatiques intermaghr\u00e9bines qui ont \u00e9t\u00e9 men\u00e9es avec succ\u00e8s dans les ann\u00e9es 60 et 70 mais qui n\u2019ont malheureusement pas pu durer en raison du blocage de l\u2019id\u00e9e maghr\u00e9bine, appelant de ses souhaits la relances de telles exp\u00e9riences en vue de rapprocher les peuples du Maghreb.<\/p>\n<p class=\"c4\">\u00abLes m\u00e9dias doivent \u00eatre un levier d\u2019\u00e9dification et d\u2019unification et non un facteur de division et de propagation de la m\u00e9diocrit\u00e9\u00bb, a-t-il insist\u00e9, appelant \u00e0 chercher les moyens de b\u00e2tir un nouvel avenir maghr\u00e9bin sur la base d\u2019une nouvelle vision.<\/p>\n<p class=\"c4\">Pour sa part, le directeur du journal Al Ittihad Al Ichtiraki, Abdelhamid Jmahri a indiqu\u00e9 que les m\u00e9dias ont la responsabilit\u00e9 de garder vif l\u2019id\u00e9al maghr\u00e9bin, tout en restant r\u00e9alistes face aux contraintes du pr\u00e9sent.<\/p>\n<p class=\"c4\">La tenue de cette conf\u00e9rence \u00e0 Oujda traduit la forte dimension maghr\u00e9bine de la r\u00e9gion de l\u2019Oriental, a-t-il par ailleurs soulign\u00e9, notant l\u2019importance de ce d\u00e9bat pour examiner le nouveau r\u00f4le que doivent jouer les m\u00e9dias en faveur du projet du Grand Maghreb.<\/p>\n<p class=\"c4\">Cette conf\u00e9rence, mod\u00e9r\u00e9e par l\u2019\u00e9crivain et homme des m\u00e9dias Mohamed Berrada, a \u00e9t\u00e9 suivie du lancement de l\u2019\u00abAppel d\u2019Oujda\u00bb en faveur du rapprochement intermaghr\u00e9bin et le rejet du discours de division, ainsi que par une s\u00e9ance de signature des derni\u00e8res parutions de MM. Hachimi Idrissi, Ma\u00e2ninou et Jmahri.<\/p>\n<p class=\"c4\">Cette rencontre a \u00e9t\u00e9 pr\u00e9c\u00e9d\u00e9e par la tenue, vendredi, de l\u2019assembl\u00e9e g\u00e9n\u00e9rale constitutive de la section de la FMEJ dans la r\u00e9gion de l\u2019Oriental.<\/p>\n<p class=\"c4\">La cr\u00e9ation de cette section, sous la supervision du bureau ex\u00e9cutif de la F\u00e9d\u00e9ration, a pour objectif de doter la r\u00e9gion de l\u2019Oriental d\u2019un outil organisationnel efficace visant \u00e0 promouvoir les conditions professionnelles, \u00e9conomiques et sociales des \u00e9tablissements m\u00e9diatiques et des journalistes.<\/p>\n<p>Auteur: Soufiane ELAHMAR<br \/>\n<a href=\"http:\/\/www.mapoujda.ma\/fr\/les-medias-maghrebins-appeles-a-voir-au-dela-de-la-conflictualite-ambiante-pour-aider-a-relancer-le-grand-maghreb\/\">Cliquez ici pour lire l&rsquo;article depuis sa source.<\/a><\/p>\n","protected":false},"excerpt":{"rendered":"<p>Des hommes des m\u00e9dias et intellectuels marocains ont appel\u00e9, lors d\u2019une conf\u00e9rence nationale organis\u00e9e samedi \u00e0 Oujda, les m\u00e9dias maghr\u00e9bins \u00e0 voir au-del\u00e0 de la conflictualit\u00e9 ambiante dans la r\u00e9gion pour donner de l\u2019espoir aux Maghr\u00e9bins et aider \u00e0 relancer le projet du Grand Maghreb. Les intervenants lors de cette rencontre, organis\u00e9e par la F\u00e9d\u00e9ration [&hellip;]<\/p>\n","protected":false},"author":1788,"featured_media":0,"comment_status":"closed","ping_status":"closed","sticky":false,"template":"","format":"standard","meta":{"fifu_image_url":"","fifu_image_alt":"","footnotes":""},"categories":[54,76],"tags":[],"class_list":["post-112137","post","type-post","status-publish","format-standard","hentry","category-maroc","category-regions"],"_links":{"self":[{"href":"https:\/\/linitiative.ca\/International\/wp-json\/wp\/v2\/posts\/112137","targetHints":{"allow":["GET"]}}],"collection":[{"href":"https:\/\/linitiative.ca\/International\/wp-json\/wp\/v2\/posts"}],"about":[{"href":"https:\/\/linitiative.ca\/International\/wp-json\/wp\/v2\/types\/post"}],"author":[{"embeddable":true,"href":"https:\/\/linitiative.ca\/International\/wp-json\/wp\/v2\/users\/1788"}],"replies":[{"embeddable":true,"href":"https:\/\/linitiative.ca\/International\/wp-json\/wp\/v2\/comments?post=112137"}],"version-history":[{"count":0,"href":"https:\/\/linitiative.ca\/International\/wp-json\/wp\/v2\/posts\/112137\/revisions"}],"wp:attachment":[{"href":"https:\/\/linitiative.ca\/International\/wp-json\/wp\/v2\/media?parent=112137"}],"wp:term":[{"taxonomy":"category","embeddable":true,"href":"https:\/\/linitiative.ca\/International\/wp-json\/wp\/v2\/categories?post=112137"},{"taxonomy":"post_tag","embeddable":true,"href":"https:\/\/linitiative.ca\/International\/wp-json\/wp\/v2\/tags?post=112137"}],"curies":[{"name":"wp","href":"https:\/\/api.w.org\/{rel}","templated":true}]}}