{"id":112138,"date":"2021-02-27T06:07:28","date_gmt":"2021-02-27T11:07:28","guid":{"rendered":"https:\/\/linitiative.ca\/International\/une-delegation-regionale-de-lasmex-a-dakhla\/"},"modified":"2021-02-27T06:07:28","modified_gmt":"2021-02-27T11:07:28","slug":"une-delegation-regionale-de-lasmex-a-dakhla","status":"publish","type":"post","link":"https:\/\/linitiative.ca\/International\/une-delegation-regionale-de-lasmex-a-dakhla\/","title":{"rendered":"Une d\u00e9l\u00e9gation r\u00e9gionale de l\u2019ASMEX \u00e0 Dakhla"},"content":{"rendered":"<p class=\"rtejustify\">Une d\u00e9l\u00e9gation r\u00e9gionale de l&rsquo;Association marocaine des exportateurs (ASMEX) a \u00e9t\u00e9 mise en place vendredi \u00e0 Dakhla, en vue de booster l\u2019attractivit\u00e9 \u00e9conomique de la r\u00e9gion Dakhla-Oued Eddahab.<\/p>\n<p class=\"rtejustify\">A cette occasion, Hassan Yanja a \u00e9t\u00e9 d\u00e9sign\u00e9 d\u00e9l\u00e9gu\u00e9 r\u00e9gional de l\u2019ASMEX pour accompagner la dynamique que conna\u00eet la r\u00e9gion dans diff\u00e9rents secteurs productifs. S\u2019exprimant \u00e0 cette occasion, le wali de la r\u00e9gion de Dakhla-Oued Eddahab, gouverneur de la province d\u2019Oued Eddahab, Lamine Benomar, a soulign\u00e9 que la r\u00e9gion connait une dynamique \u00e9conomique de taille, d\u2019o\u00f9 la n\u00e9cessit\u00e9 de concentrer l\u2019effort d\u2019investissement vers la valorisation et la prospection de nouveaux march\u00e9s, notamment dans le continent africain.<\/p>\n<p class=\"rtejustify\">Dans cette lign\u00e9e, Benomar a mis l\u2019accent sur les grands projets structurants dans la r\u00e9gion, citant \u00e0 cet \u00e9gard les zones logistiques, les \u00e9nergies renouvelables, le projet de raccordement de la ville de Dakhla au r\u00e9seau \u00e9lectrique national, le port atlantique de Dakhla et le projet de dessalement de l\u2019eau de mer pour irriguer 5.000 hectares de terres agricoles \u00e0 Dakhla. Dans ce contexte, il a appel\u00e9 les investisseurs en g\u00e9n\u00e9ral et l\u2019ASMEX en particulier, \u00e0 accorder une intention particuli\u00e8re \u00e0 l\u2019aspect environnemental au niveau de la r\u00e9gion, \u00e0 m\u00eame de soutenir les interventions des politiques publiques et territoriales en la mati\u00e8re.<\/p>\n<p class=\"rtejustify\">Pour sa part, le pr\u00e9sident de l\u2019Association marocaine des exportateurs (ASMEX), Hassan Sentissi El Idrissi, a mis en exergue les chantiers structurants dans la r\u00e9gion de Dakhla-Oued Eddahab qui permettront d\u2019attirer de nouveaux investissements nationaux et internationaux. \u00ab\u00a0Le port Atlantique de Dakhla, \u00e0 lui seul, est un axe qui devrait rendre la r\u00e9gion comme porte d\u2019entr\u00e9e \u00e0 l\u2019ensemble des pays du continent africain\u00a0\u00bb, s\u2019est-il f\u00e9licit\u00e9, tout en mettant en relief les opportunit\u00e9s offertes, notamment dans le cadre de la Zone de libre-\u00e9change continentale africaine (ZLECAF). Les Zones logistiques pr\u00e9vues dans la r\u00e9gion constituent \u00e9galement des atouts importants pour drainer de nouveaux investisseurs int\u00e9ress\u00e9s par l\u2019exportation en Afrique, a not\u00e9 Sentissi El Idrissi.<\/p>\n<p class=\"rtejustify\">Par ailleurs, il a mis l\u2019accent sur le partenariat avec la Chambre de commerce, d\u2019industrie et de services (CCIS) de Dakhla-Oued Eddahab visant \u00e0 renforcer la comp\u00e9titivit\u00e9 des entreprises locales \u00e0 l\u2019export \u00e0 travers un accompagnement adapt\u00e9 aux sp\u00e9cificit\u00e9s de la r\u00e9gion, faisant savoir qu\u2019une antenne r\u00e9gionale de l\u2019Association aupr\u00e8s de la CCIS a \u00e9t\u00e9 mise en place afin de donner un nouvel \u00e9lan aux exportations de la r\u00e9gion. De son c\u00f4t\u00e9, le pr\u00e9sident du Conseil r\u00e9gional, El Khattat Yanja a soulign\u00e9 que la mise en place d\u2019une antenne r\u00e9gionale de l\u2019ASMEX est de nature \u00e0 d\u00e9velopper les activit\u00e9s des exportateurs et de faire de la r\u00e9gion Dakhla Oued Eddahab une plateforme importante de transactions commerciales avec plusieurs pays de par le monde, notamment les pays d&rsquo;Afrique subsaharienne.<\/p>\n<p class=\"rtejustify\">De m\u00eame, Yanja rappel\u00e9 la mise en place de deux zones de distribution et de commerce \u00e0 Bir Gandouz et El Guerguarat, de 30 ha chacune, qui sont de nature \u00e0 renforcer l\u2019attractivit\u00e9 \u00e9conomique de la r\u00e9gion \u00e0 m\u00eame d\u2019am\u00e9liorer les infrastructures et d\u2019attirer les investissements. En vue de renforcer la comp\u00e9titivit\u00e9 \u00e9conomique au Centre de Bir Gandouz, le Conseil r\u00e9gional a \u0153uvr\u00e9 \u00e0 l\u2019am\u00e9nagement de la premi\u00e9re tranche de la zone industrielle Al Massira au site de p\u00eache Lamhiriz, a-t-il ajout\u00e9.<\/p>\n<p class=\"rtejustify\">\u00a0<\/p>\n<p class=\"rtejustify\">\u00a0<\/p>\n<p>Auteur: mbasraoui<br \/>\n<a href=\"https:\/\/www.leconomiste.com\/flash-infos\/une-delegation-regionale-de-l-asmex-dakhla\">Cliquez ici pour lire l&rsquo;article depuis sa source.<\/a><\/p>\n","protected":false},"excerpt":{"rendered":"<p>Une d\u00e9l\u00e9gation r\u00e9gionale de l&rsquo;Association marocaine des exportateurs (ASMEX) a \u00e9t\u00e9 mise en place vendredi \u00e0 Dakhla, en vue de booster l\u2019attractivit\u00e9 \u00e9conomique de la r\u00e9gion Dakhla-Oued Eddahab. A cette occasion, Hassan Yanja a \u00e9t\u00e9 d\u00e9sign\u00e9 d\u00e9l\u00e9gu\u00e9 r\u00e9gional de l\u2019ASMEX pour accompagner la dynamique que conna\u00eet la r\u00e9gion dans diff\u00e9rents secteurs productifs. S\u2019exprimant \u00e0 cette [&hellip;]<\/p>\n","protected":false},"author":1763,"featured_media":0,"comment_status":"closed","ping_status":"closed","sticky":false,"template":"","format":"standard","meta":{"fifu_image_url":"","fifu_image_alt":"","footnotes":""},"categories":[78,54],"tags":[],"class_list":["post-112138","post","type-post","status-publish","format-standard","hentry","category-economie","category-maroc"],"_links":{"self":[{"href":"https:\/\/linitiative.ca\/International\/wp-json\/wp\/v2\/posts\/112138","targetHints":{"allow":["GET"]}}],"collection":[{"href":"https:\/\/linitiative.ca\/International\/wp-json\/wp\/v2\/posts"}],"about":[{"href":"https:\/\/linitiative.ca\/International\/wp-json\/wp\/v2\/types\/post"}],"author":[{"embeddable":true,"href":"https:\/\/linitiative.ca\/International\/wp-json\/wp\/v2\/users\/1763"}],"replies":[{"embeddable":true,"href":"https:\/\/linitiative.ca\/International\/wp-json\/wp\/v2\/comments?post=112138"}],"version-history":[{"count":0,"href":"https:\/\/linitiative.ca\/International\/wp-json\/wp\/v2\/posts\/112138\/revisions"}],"wp:attachment":[{"href":"https:\/\/linitiative.ca\/International\/wp-json\/wp\/v2\/media?parent=112138"}],"wp:term":[{"taxonomy":"category","embeddable":true,"href":"https:\/\/linitiative.ca\/International\/wp-json\/wp\/v2\/categories?post=112138"},{"taxonomy":"post_tag","embeddable":true,"href":"https:\/\/linitiative.ca\/International\/wp-json\/wp\/v2\/tags?post=112138"}],"curies":[{"name":"wp","href":"https:\/\/api.w.org\/{rel}","templated":true}]}}